{"id":14612,"date":"2015-03-25T15:04:13","date_gmt":"2015-03-25T14:04:13","guid":{"rendered":"http:\/\/www.planet3dnow.de\/cms\/?p=14612"},"modified":"2015-03-25T15:04:13","modified_gmt":"2015-03-25T14:04:13","slug":"msi-970a-sli-krait-edition-weltweit-erstes-amd-mainboard-mit-usb-3-1","status":"publish","type":"post","link":"https:\/\/www.planet3dnow.de\/cms\/14612-msi-970a-sli-krait-edition-weltweit-erstes-amd-mainboard-mit-usb-3-1\/","title":{"rendered":"<span class=\"caps\">MSI<\/span> <span class=\"caps\">970A<\/span> <span class=\"caps\">SLI<\/span> Krait Edition: Weltweit erstes AMD-Mainboard mit <span class=\"caps\">USB<\/span> 3.1"},"content":{"rendered":"<p><strong><span class=\"caps\">MSI<\/span> stellt AMD-Platt\u00adform mit Krait-Design in schwarz\u00adwei\u00ad\u00dfer Optik&nbsp;vor<\/strong><\/p>\n<p><strong>&nbsp;<\/strong><em>Mit dem <span class=\"caps\">MSI<\/span> <span class=\"caps\">970A<\/span> <span class=\"caps\">SLI<\/span> Krait Edi\u00adti\u00adon erreicht das ers\u00adte AMD-Main\u00adboard mit neu\u00ader <span class=\"caps\">USB<\/span> 3.1\u2011Schnittstelle und schwarz\u00adwei\u00ad\u00dfer Edel\u00adop\u00adtik den Handel.<\/em><\/p>\n<p><a href=\"http:\/\/www.planet3dnow.de\/cms\/wp-content\/uploads\/2015\/03\/msi-970a_sli_krait_edition-product_pictures-boxshot-1.jpg_400_284_80.jpg\"><img loading=\"lazy\" decoding=\"async\" class=\" size-medium wp-image-14613 alignleft\" src=\"http:\/\/www.planet3dnow.de\/cms\/wp-content\/uploads\/2015\/03\/msi-970a_sli_krait_edition-product_pictures-boxshot-1.jpg_400_284_80-300x214.jpg\" alt=\"msi-970a_sli_krait_edition-product_pictures-boxshot-1.jpg_400_284_80\" width=\"300\" height=\"214\" srcset=\"https:\/\/www.planet3dnow.de\/cms\/wp-content\/uploads\/2015\/03\/msi-970a_sli_krait_edition-product_pictures-boxshot-1.jpg_400_284_80-300x214.jpg 300w, https:\/\/www.planet3dnow.de\/cms\/wp-content\/uploads\/2015\/03\/msi-970a_sli_krait_edition-product_pictures-boxshot-1.jpg_400_284_80.jpg 398w\" sizes=\"auto, (max-width: 300px) 100vw, 300px\"><\/a><strong> Frank\u00adfurt am Main \/ Tai\u00adpeh, 25.03.2015 \u2013<\/strong>Vor knapp einer Woche auf der CeBIT 2015 erst\u00admals vor\u00adge\u00adstellt, ist das <span class=\"caps\">MSI<\/span> <span class=\"caps\">970A<\/span> <span class=\"caps\">SLI<\/span> Krait Edi\u00adti\u00adon bereits ab Mit\u00adte April erh\u00e4lt\u00adlich. Damit ist <span class=\"caps\">MSI<\/span> welt\u00adweit der ers\u00adte Her\u00adstel\u00adler, der ein Main\u00adboard mit AMD-Chip\u00adsatz und <span class=\"caps\">USB<\/span> 3.1\u2011Support (Super\u00adspeed+) in den Han\u00addel bringt. Als Teil der Krait-Serie gl\u00e4nzt das <span class=\"caps\">970A<\/span> <span class=\"caps\">SLI<\/span> Krait Edi\u00adti\u00adon zudem mit einem edlen schwarz\u00adwei\u00ad\u00dfen Look \u2013 f\u00fcr eine AMD-Platt\u00adform ein Novum. Auf tech\u00adni\u00adscher Sei\u00adte \u00fcber\u00adzeugt das \u201e<span class=\"caps\">AM3<\/span>+\u201c-Board mit dem Sup\u00adport aktu\u00adel\u00adler <span class=\"caps\">AMD<\/span> FX-CPUs mit bis zu 125 Watt <span class=\"caps\">TDP<\/span> und der Bereit\u00adstel\u00adlung von vier Spei\u00adcher\u00adb\u00e4n\u00adken f\u00fcr bis zu 32 GByte <span class=\"caps\">DDR3-RAM<\/span> (bis 2133MHz <span class=\"caps\">OC<\/span>). Dazu unter\u00adst\u00fctzt das Board sowohl 2\u2011We\u00adge-SLI als auch den 2\u2011We\u00adge-Cross\u00adfi\u00adre-Betrieb, was anspruchs\u00advol\u00adlen Gamern Mul\u00adti-GPU-Kon\u00adfi\u00adgu\u00adra\u00adtio\u00adnen f\u00fcr beson\u00adders hohe Gra\u00adfik\u00adleis\u00adtung erlaubt. Wie bei den Pre\u00admi\u00adum-Model\u00adlen \u00fcblich, ver\u00adwen\u00addet <span class=\"caps\">MSI<\/span> auch beim <span class=\"caps\">970A<\/span> <span class=\"caps\">SLI<\/span> Krait Edi\u00adti\u00adon aus\u00adschlie\u00df\u00adlich hoch\u00adwer\u00adti\u00adge Mili\u00adta\u00adry-Class-IV-Kom\u00adpo\u00adnen\u00adten, die f\u00fcr eine lan\u00adge Lebens\u00addau\u00ader, h\u00f6chs\u00adte Sta\u00adbi\u00adli\u00adt\u00e4t und best\u00adm\u00f6g\u00adli\u00adche \u00dcber\u00adtakt\u00adbar\u00adkeit sorgen.<\/p>\n<p>Mit <span class=\"caps\">USB<\/span> 3.1 setzt das <span class=\"caps\">970A<\/span> <span class=\"caps\">SLI<\/span> Krait Edi\u00adti\u00adon auf die neu\u00ades\u00adte und der\u00adzeit leis\u00adtungs\u00adf\u00e4\u00adhigs\u00adte USB-Aus\u00adbau\u00adstu\u00adfe. Die Anbin\u00addung der zwei \u201eSuperspeed+\u201c-Anschl\u00fcsse erfolgt \u00fcber den bew\u00e4hr\u00adten ASMe\u00addia <span class=\"caps\">ASM1142<\/span> Con\u00adtrol\u00adler. Pro Port sind Daten\u00ad\u00fcber\u00adtra\u00adgungs\u00adra\u00adten von bis zu 10 GBit\/s m\u00f6g\u00adlich, was der dop\u00adpel\u00adten Leis\u00adtung von <span class=\"caps\">USB<\/span> 3.0 und der zwan\u00adzig\u00adfa\u00adchen von <span class=\"caps\">USB<\/span> 2.0 ent\u00adspricht. Dank der Aus\u00adf\u00fch\u00adrung als Typ-A-Buch\u00adsen blei\u00adben die <span class=\"caps\">USB<\/span> 3.1\u2011Ports dabei voll\u00adst\u00e4n\u00addig abw\u00e4rtskompatibel.<\/p>\n<p>Das neue Modell ist ab Mit\u00adte April f\u00fcr einen emp\u00adfoh\u00adle\u00adnen Preis von 105 Euro inkl. MwSt. im Fach\u00adhan\u00addel erh\u00e4ltlich.<\/p>\n<p><span style=\"font-size: 8pt;\"><strong>\u00dcber <span class=\"caps\">MSI<\/span><br>\n<\/strong>Micro-Star Inter\u00adna\u00adtio\u00adnal (<span class=\"caps\">MSI<\/span>) mit Sitz in Tai\u00adwan geh\u00f6rt zu den welt\u00adweit f\u00fch\u00adren\u00adden Ent\u00adwick\u00adlern und Her\u00adstel\u00adlern von Note\u00adbooks, PC-Sys\u00adte\u00admen, Ser\u00advern, Work\u00adsta\u00adtions, Main\u00adboards und Gra\u00adfik\u00adkar\u00adten. Seit 1986 pr\u00e4gt <span class=\"caps\">MSI<\/span> mit sei\u00adnen Pro\u00adduk\u00adten und Inno\u00adva\u00adtio\u00adnen den IT-Markt und lie\u00adfert hier ent\u00adschei\u00adden\u00adde Impul\u00adse bei der Ein\u00adf\u00fch\u00adrung inno\u00adva\u00adti\u00adver Pro\u00adduk\u00adte. Ins\u00adge\u00adsamt rund 12.500 Mit\u00adar\u00adbei\u00adter arbei\u00adten welt\u00adweit f\u00fcr <span class=\"caps\">MSI<\/span> mit Nie\u00adder\u00adlas\u00adsun\u00adgen in 23 L\u00e4n\u00addern. Die Pro\u00adduk\u00adti\u00adon ist auf die zwei MSI-eige\u00adnen Wer\u00adke in KunShan und Shen\u00adZhen in Chi\u00adna auf\u00adge\u00adteilt. Seit 1998 ist Micro-Star Inter\u00adna\u00adtio\u00adnal (<span class=\"caps\">MSI<\/span>) an der B\u00f6r\u00adse von Tai\u00adwan notiert.<\/span><\/p>\n<p><span style=\"font-size: 8pt;\">&nbsp;Als deut\u00adsche Nie\u00adder\u00adlas\u00adsung der Micro-Star Inter\u00adna\u00adtio\u00adnal belie\u00adfert die <span class=\"caps\">MHK<\/span> Inter\u00adna\u00adtio\u00adnal Ltd. von Frank\u00adfurt am Main aus seit mehr als zwan\u00adzig Jah\u00adren die Dis\u00adtri\u00adbu\u00adti\u00adon, Sys\u00adtem\u00adin\u00adte\u00adgra\u00adti\u00adon und den Retail-Markt in Deutsch\u00adland, \u00d6ster\u00adreich und der Schweiz. Die Vertriebs\u2011, Marketing\u2011, Tech\u00adnik- und Finanz\u00adab\u00adtei\u00adlung steht den Kun\u00adden aus der DACH-Regi\u00adon als direk\u00adte Ansprech\u00adpart\u00adner zur Verf\u00fcgung.<\/span><\/p>\n","protected":false},"excerpt":{"rendered":"<p> Mit dem <span class=\"caps\">MSI<\/span> <span class=\"caps\">970A<\/span> <span class=\"caps\">SLI<\/span> Krait Edi\u00adti\u00adon erreicht das ers\u00adte AMD-Main\u00adboard mit neu\u00ader <span class=\"caps\">USB<\/span> 3.1\u2011Schnittstelle und schwarz\u00adwei\u00ad\u00dfer Edel\u00adop\u00adtik den Han\u00addel. (\u2026) <a class=\"moretag\" href=\"https:\/\/www.planet3dnow.de\/cms\/14612-msi-970a-sli-krait-edition-weltweit-erstes-amd-mainboard-mit-usb-3-1\/\">Wei\u00adter\u00adle\u00adsen&nbsp;\u00bb<\/a><\/p>\n","protected":false},"author":2,"featured_media":0,"comment_status":"closed","ping_status":"closed","sticky":false,"template":"","format":"standard","meta":{"wp_typography_post_enhancements_disabled":false,"ngg_post_thumbnail":0,"footnotes":""},"categories":[22],"tags":[125,990,792],"class_list":["post-14612","post","type-post","status-publish","format-standard","hentry","category-pressemitteilungen","tag-am3p","tag-msi","tag-usb-3-1","entry"],"share_on_mastodon":{"url":"","error":""},"_links":{"self":[{"href":"https:\/\/www.planet3dnow.de\/cms\/wp-json\/wp\/v2\/posts\/14612","targetHints":{"allow":["GET"]}}],"collection":[{"href":"https:\/\/www.planet3dnow.de\/cms\/wp-json\/wp\/v2\/posts"}],"about":[{"href":"https:\/\/www.planet3dnow.de\/cms\/wp-json\/wp\/v2\/types\/post"}],"author":[{"embeddable":true,"href":"https:\/\/www.planet3dnow.de\/cms\/wp-json\/wp\/v2\/users\/2"}],"replies":[{"embeddable":true,"href":"https:\/\/www.planet3dnow.de\/cms\/wp-json\/wp\/v2\/comments?post=14612"}],"version-history":[{"count":1,"href":"https:\/\/www.planet3dnow.de\/cms\/wp-json\/wp\/v2\/posts\/14612\/revisions"}],"predecessor-version":[{"id":14614,"href":"https:\/\/www.planet3dnow.de\/cms\/wp-json\/wp\/v2\/posts\/14612\/revisions\/14614"}],"wp:attachment":[{"href":"https:\/\/www.planet3dnow.de\/cms\/wp-json\/wp\/v2\/media?parent=14612"}],"wp:term":[{"taxonomy":"category","embeddable":true,"href":"https:\/\/www.planet3dnow.de\/cms\/wp-json\/wp\/v2\/categories?post=14612"},{"taxonomy":"post_tag","embeddable":true,"href":"https:\/\/www.planet3dnow.de\/cms\/wp-json\/wp\/v2\/tags?post=14612"}],"curies":[{"name":"wp","href":"https:\/\/api.w.org\/{rel}","templated":true}]}}