{"id":24462,"date":"2016-06-22T10:55:15","date_gmt":"2016-06-22T08:55:15","guid":{"rendered":"http:\/\/www.planet3dnow.de\/cms\/?p=24462"},"modified":"2016-09-22T16:32:07","modified_gmt":"2016-09-22T14:32:07","slug":"geruechte-ueber-bug-in-zen-chipsatz","status":"publish","type":"post","link":"https:\/\/www.planet3dnow.de\/cms\/24462-geruechte-ueber-bug-in-zen-chipsatz\/","title":{"rendered":"Ger\u00fcchte \u00fcber Bug in Zen-Chipsatz"},"content":{"rendered":"<p>Ende des Jah\u00adres sol\u00adlen AMDs neue Hoff\u00adnungs\u00adtr\u00e4\u00adger erschei\u00adnen, die \u201cSum\u00admit Ridge\u201d genann\u00adten Pro\u00adzes\u00adso\u00adren auf Basis der neu ent\u00adwi\u00adckel\u00adten Zen-Archi\u00adtek\u00adtur. F\u00fcr die\u00adse Pro\u00adzes\u00adso\u00adren wird es auch eine neue Platt\u00adform mit Sockel <span class=\"caps\">AM4<\/span> geben. W\u00e4h\u00adrend <span class=\"caps\">AMD<\/span> sich auf den letz\u00adten Ver\u00adan\u00adstal\u00adtun\u00adgen zuver\u00adsicht\u00adlich zeig\u00adte und beton\u00adte, Zen lie\u00adge im Zeit\u00adplan und \u00fcber\u00adtref\u00adfe die in ihn gesetz\u00adten Erwar\u00adtun\u00adgen, brach\u00adte nun der in der Regel gut unter\u00adrich\u00adte\u00adte Bran\u00adchen\u00addienst <a href=\"http:\/\/www.digitimes.com\/news\/a20160621PD205.html\" target=\"_blank\">Digi\u00adti\u00admes eine Mel\u00addung<\/a> online, die von Pro\u00adble\u00admen mit dem kom\u00admen\u00adden Zen-Chip\u00adsatz wis\u00adsen&nbsp;will.<\/p>\n<p>Im Detail soll es dabei um Pro\u00adble\u00adme mit dem <span class=\"caps\">USB<\/span>\u20113.1\u2011Controller gehen. Die\u00adser kann dem Bericht zufol\u00adge die Signal\u00adst\u00e4r\u00adke nicht auf\u00adrecht erhal\u00adten, wes\u00adhalb bei der \u00dcber\u00adtra\u00adgung mit etwas l\u00e4n\u00adge\u00adren Kabeln die Trans\u00adfer\u00adra\u00adte mas\u00adsiv ein\u00adbre\u00adchen soll. Des\u00adwe\u00adgen sei\u00aden ent\u00adwe\u00adder zus\u00e4tz\u00adli\u00adche Signal\u00adver\u00adst\u00e4r\u00adker not\u00adwen\u00addig oder ein sepa\u00adra\u00adter PCIe-USB-Controller-Chip.<\/p>\n<p><strong>Nun muss man bei Zen zuerst ein\u00admal sor\u00adtie\u00adren, was mit \u201cChip\u00adsatz\u201d \u00fcber\u00adhaupt gemeint sein k\u00f6nn\u00adte.<\/strong> Den klas\u00adsi\u00adschen Chip\u00adsatz auf dem Main\u00adboard wird es bei der AM4-Platt\u00adform nicht mehr geben, denn Sum\u00admit Ridge mit Zen-Ker\u00adnen wird ein SoC (Sys\u00adtem-on-a-Chip) wer\u00adden. Wie bei Kabi\u00adni sit\u00adzen alle grund\u00ads\u00e4tz\u00adli\u00adchen Ele\u00admen\u00adte eines Chip\u00adsat\u00adzes, die fr\u00fc\u00adher auf dem Main\u00adboard ver\u00adbaut waren, wie Memo\u00adry-Con\u00adtrol\u00adler, PCI-Express-Con\u00adtrol\u00adler, SATA-Con\u00adtrol\u00adler usw., direkt im Pro\u00adzes\u00adsor. Soll\u00adte der Bericht die\u00adsen Chip\u00adsatz mei\u00adnen, w\u00e4re das nat\u00fcr\u00adlich nicht gut f\u00fcr <span class=\"caps\">AMD<\/span>: ein Bug in Sum\u00admit Ridge, der die Main\u00adboard-Her\u00adstel\u00adler so kurz vor dem Launch zu Design-\u00c4nde\u00adrun\u00adgen an ihren Boards zwin\u00adgen&nbsp;w\u00fcrde.<\/p>\n<p>Wahr\u00adschein\u00adli\u00adcher ist jedoch, dass der Bericht nicht den Chip\u00adsatz im SoC meint, son\u00addern den exter\u00adnen Rest auf dem Main\u00adboard, der in der Ent\u00adwick\u00adlungs\u00adpha\u00adse als \u201cPro\u00admon\u00adto\u00adry\u201d durch die Ger\u00fcch\u00adte\u00adk\u00fcch\u00adte geis\u00adter\u00adte. Aller\u00addings war es eben\u00adfalls Digi\u00adti\u00admes, die <a href=\"http:\/\/www.planet3dnow.de\/cms\/9886-amd-ab-2015-mit-schnittstellen-von-asmedia\/\">bereits 2014 erfah\u00adren haben woll\u00adten<\/a>, dass die\u00adser Teil der Platt\u00adform k\u00fcnf\u00adtig nicht mehr von <span class=\"caps\">AMD<\/span> selbst ent\u00adwi\u00adckelt w\u00fcr\u00adde, son\u00addern vom tai\u00adwa\u00adne\u00adsi\u00adschen Ent\u00adwick\u00adler ASMe\u00addia, einer Toch\u00adter von&nbsp;<span class=\"caps\">ASUS<\/span>.<\/p>\n<p>Dazu passt auch die Reak\u00adti\u00adon der bei\u00adden Her\u00adstel\u00adler auf die Ger\u00fcch\u00adte. W\u00e4h\u00adrend ASMe\u00addia bekannt\u00adgab, dass man Ger\u00fcch\u00adte nicht kom\u00admen\u00adtie\u00adre, beton\u00adte <span class=\"caps\">AMD<\/span>, dass Zen sich im Zeit\u00adplan befin\u00adde und man \u2014 jetzt kommt\u2019s \u2014 kun\u00adden\u00adspe\u00adzi\u00adfi\u00adsche L\u00f6sun\u00adgen auf Board-Ebe\u00adne nicht kom\u00admen\u00adtie\u00adre. Das spr\u00e4\u00adche also daf\u00fcr, dass nicht die Kom\u00adpo\u00adnen\u00adten im Sum\u00admit-Ridge-SoC gemeint sind, son\u00addern die exter\u00adne Samm\u00adlung an Con\u00adtrol\u00adlern und Schnitt\u00adstel\u00adlen; fr\u00fc\u00adher h\u00e4t\u00adte man South\u00adbridge gesagt, was aber auch nicht mehr stimmt. Bei <span class=\"caps\">AMD<\/span> hie\u00df die\u00adses Kon\u00adstrukt zuletzt bis ein\u00adschlie\u00df\u00adlich der Kava\u00adri-Platt\u00adform <em>Fusi\u00adon Con\u00adtrol\u00adler Hub<\/em>.<\/p>\n<p>Soll\u00adte das Ger\u00fccht zutref\u00adfen, w\u00e4re es zwar \u00e4rger\u00adlich, aber kei\u00adnes\u00adwegs unge\u00adw\u00f6hn\u00adlich. Bei der AMD-South\u00adbridge <a href=\"http:\/\/www.planet3dnow.de\/cgi-bin\/newspub\/viewnews.cgi?category=1&amp;id=1199111206\"><span class=\"caps\">SB700<\/span> pas\u00adsier\u00adte 2007 etwas \u00e4hn\u00adli\u00adches<\/a>. Damals funk\u00adtio\u00adnier\u00adte in den ers\u00adten Revi\u00adsio\u00adnen der Takt\u00adge\u00adber nicht rich\u00adtig, wes\u00adwe\u00adgen die Main\u00adboard-Her\u00adstel\u00adler einen exter\u00adnen ver\u00adbau\u00aden muss\u00adten. Oder man den\u00adke an die <a href=\"http:\/\/www.planet3dnow.de\/cgi-bin\/newspub\/viewnews.cgi?category=1&amp;id=1317884864\">Pro\u00adble\u00adme beim Intel Plat\u00adform Con\u00adtrol\u00adler Hub der San\u00addy-Bridge-Platt\u00adform<\/a>, wo eine neue Revi\u00adsi\u00adon not\u00adwen\u00addig war, weil bei der Ur-Fas\u00adsung die SATA-Ports zu schnell ver\u00adschlei\u00ad\u00dfen konn\u00adten. In die\u00adsem Fall w\u00e4re es sogar Gl\u00fcck im Ungl\u00fcck, wenn man das Pro\u00adblem mit zus\u00e4tz\u00adli\u00adchen Bau\u00adtei\u00adlen behe\u00adben kann und es noch vor dem Release erkannt wur\u00adde. Dass es auch anders geht, zei\u00adgen z.B. der <a href=\"http:\/\/www.planet3dnow.de\/faq\/mainboards\/index.shtml#sbbug\">VIA-South\u00adbridge-Bug 2001<\/a> oder der <a href=\"http:\/\/www.planet3dnow.de\/cgi-bin\/newspub\/viewnews.cgi?category=1&amp;id=1196811435\">AMD-TLB-Bug 2007<\/a> \u2014 mit ent\u00adspre\u00adchend schwe\u00adrerwie\u00adgen\u00adden Folgen.<\/p>\n","protected":false},"excerpt":{"rendered":"<p>Ende des Jah\u00adres sol\u00adlen AMDs neue Hoff\u00adnungs\u00adtr\u00e4\u00adger erschei\u00adnen, die \u201cSum\u00admit Ridge\u201d genann\u00adten Pro\u00adzes\u00adso\u00adren auf Basis der neu ent\u00adwi\u00adckel\u00adten Zen-Archi\u00adtek\u00adtur. F\u00fcr die\u00adse Pro\u00adzes\u00adso\u00adren wird es auch eine neue Platt\u00adform mit Sockel <span class=\"caps\">AM4<\/span> geben. W\u00e4h\u00adrend <span class=\"caps\">AMD<\/span> sich auf den letz\u00adten Ver\u00adan\u00adstal\u00adtun\u00adgen zuver\u00adsicht\u00adlich zeig\u00adte und beton\u00adte, Zen lie\u00adge im Zeit\u00adplan und \u00fcber\u00adtref\u00adfe die in ihn gesetz\u00adten Erwar\u00adtun\u00adgen, brach\u00adte nun der in der Regel gut unter\u00adrich\u00adte\u00adte Bran\u00adchen\u00addienst Digi\u00adti\u00admes eine Mel\u00addung online, die von Pro\u00adble\u00admen mit dem kom\u00admen\u00adden Zen-Chip\u00adsatz wis\u00adsen will. (\u2026) <a class=\"moretag\" href=\"https:\/\/www.planet3dnow.de\/cms\/24462-geruechte-ueber-bug-in-zen-chipsatz\/\">Wei\u00adter\u00adle\u00adsen&nbsp;\u00bb<\/a><\/p>\n","protected":false},"author":2,"featured_media":80,"comment_status":"closed","ping_status":"closed","sticky":false,"template":"","format":"standard","meta":{"wp_typography_post_enhancements_disabled":false,"ngg_post_thumbnail":0,"footnotes":""},"categories":[20],"tags":[793,1121,1120,396,828,656],"class_list":["post-24462","post","type-post","status-publish","format-standard","has-post-thumbnail","hentry","category-geruchte","tag-asmedia","tag-bug","tag-promontory","tag-soc","tag-summit-ridge","tag-zen","entry"],"share_on_mastodon":{"url":"","error":""},"_links":{"self":[{"href":"https:\/\/www.planet3dnow.de\/cms\/wp-json\/wp\/v2\/posts\/24462","targetHints":{"allow":["GET"]}}],"collection":[{"href":"https:\/\/www.planet3dnow.de\/cms\/wp-json\/wp\/v2\/posts"}],"about":[{"href":"https:\/\/www.planet3dnow.de\/cms\/wp-json\/wp\/v2\/types\/post"}],"author":[{"embeddable":true,"href":"https:\/\/www.planet3dnow.de\/cms\/wp-json\/wp\/v2\/users\/2"}],"replies":[{"embeddable":true,"href":"https:\/\/www.planet3dnow.de\/cms\/wp-json\/wp\/v2\/comments?post=24462"}],"version-history":[{"count":18,"href":"https:\/\/www.planet3dnow.de\/cms\/wp-json\/wp\/v2\/posts\/24462\/revisions"}],"predecessor-version":[{"id":26658,"href":"https:\/\/www.planet3dnow.de\/cms\/wp-json\/wp\/v2\/posts\/24462\/revisions\/26658"}],"wp:featuredmedia":[{"embeddable":true,"href":"https:\/\/www.planet3dnow.de\/cms\/wp-json\/wp\/v2\/media\/80"}],"wp:attachment":[{"href":"https:\/\/www.planet3dnow.de\/cms\/wp-json\/wp\/v2\/media?parent=24462"}],"wp:term":[{"taxonomy":"category","embeddable":true,"href":"https:\/\/www.planet3dnow.de\/cms\/wp-json\/wp\/v2\/categories?post=24462"},{"taxonomy":"post_tag","embeddable":true,"href":"https:\/\/www.planet3dnow.de\/cms\/wp-json\/wp\/v2\/tags?post=24462"}],"curies":[{"name":"wp","href":"https:\/\/api.w.org\/{rel}","templated":true}]}}