{"id":42006,"date":"2018-11-28T18:05:03","date_gmt":"2018-11-28T17:05:03","guid":{"rendered":"https:\/\/www.planet3dnow.de\/cms\/?p=42006"},"modified":"2018-11-28T18:05:03","modified_gmt":"2018-11-28T17:05:03","slug":"messe-sortiert-digitalthemen-neu","status":"publish","type":"post","link":"https:\/\/www.planet3dnow.de\/cms\/42006-messe-sortiert-digitalthemen-neu\/","title":{"rendered":"Messe sortiert Digitalthemen neu"},"content":{"rendered":"<p>Ange\u00adsichts r\u00fcck\u00adl\u00e4u\u00adfi\u00adger Fl\u00e4\u00adchen\u00adbu\u00adchun\u00adgen f\u00fcr die <span class=\"caps\">CEBIT<\/span> 2019 berei\u00adnigt die Deut\u00adsche Mes\u00adse ihr Ver\u00adan\u00adstal\u00adtungs\u00adport\u00adfo\u00adlio. Die indus\u00adtrie\u00adna\u00adhen Digi\u00adtal\u00adthe\u00admen der <span class=\"caps\">CEBIT<\/span> wer\u00adden in der <span class=\"caps\">HANNOVER<\/span> <span class=\"caps\">MESSE<\/span> wei\u00adter\u00adge\u00adf\u00fchrt, f\u00fcr die \u00fcbri\u00adgen The\u00admen\u00adfel\u00adder der <span class=\"caps\">CEBIT<\/span> sol\u00adlen inhalt\u00adlich spit\u00adze Fach\u00adver\u00adan\u00adstal\u00adtun\u00adgen ent\u00adwi\u00adckelt wer\u00adden, die sich gezielt an Ent\u00adschei\u00adder aus\u00adge\u00adw\u00e4hl\u00adter Bran\u00adchen rich\u00adten, teil\u00adte das Unter\u00adneh\u00admen am Mitt\u00adwoch in Han\u00adno\u00adver&nbsp;mit.<\/p>\n<ul class=\"list\">\n<li><span class=\"caps\">CEBIT<\/span> Han\u00adno\u00adver wird abgesagt<\/li>\n<li>Indus\u00adtrie\u00adna\u00adhe Digi\u00adtal\u00adthe\u00admen der <span class=\"caps\">CEBIT<\/span> gehen in die <span class=\"caps\">HANNOVER<\/span> <span class=\"caps\">MESSE<\/span><\/li>\n<li>Neue fokus\u00adsier\u00adte Digi\u00adtal\u00adfach\u00admes\u00adsen in Vorbereitung<\/li>\n<\/ul>\n<p><strong>Han\u00adno\u00adver.<\/strong>&nbsp;Ange\u00adsichts r\u00fcck\u00adl\u00e4u\u00adfi\u00adger Fl\u00e4\u00adchen\u00adbu\u00adchun\u00adgen f\u00fcr die <span class=\"caps\">CEBIT<\/span> 2019 berei\u00adnigt die Deut\u00adsche Mes\u00adse ihr Ver\u00adan\u00adstal\u00adtungs\u00adport\u00adfo\u00adlio. Die indus\u00adtrie\u00adna\u00adhen Digi\u00adtal\u00adthe\u00admen der <span class=\"caps\">CEBIT<\/span> wer\u00adden in der&nbsp;<a class=\"externalLink\" href=\"https:\/\/www.hannovermesse.de\/\" target=\"_self\"><span class=\"caps\">HANNOVER<\/span> <span class=\"caps\">MESSE<\/span><\/a>&nbsp;wei\u00adter\u00adge\u00adf\u00fchrt, f\u00fcr die \u00fcbri\u00adgen The\u00admen\u00adfel\u00adder der <span class=\"caps\">CEBIT<\/span> sol\u00adlen inhalt\u00adlich spit\u00adze Fach\u00adver\u00adan\u00adstal\u00adtun\u00adgen ent\u00adwi\u00adckelt wer\u00adden, die sich gezielt an Ent\u00adschei\u00adder aus\u00adge\u00adw\u00e4hl\u00adter Bran\u00adchen rich\u00adten, teil\u00adte das Unter\u00adneh\u00admen am Mitt\u00adwoch in Han\u00adno\u00adver&nbsp;mit.<\/p>\n<p>Die tech\u00adno\u00adlo\u00adgi\u00adsche Ent\u00adwick\u00adlung der ver\u00adgan\u00adge\u00adnen Jah\u00adre zeig\u00adte, dass eine Hori\u00adzon\u00adtal\u00admes\u00adse wie die <span class=\"caps\">CEBIT<\/span> in der digi\u00adta\u00adlen Wirt\u00adschaft zuneh\u00admend auf r\u00fcck\u00adl\u00e4u\u00adfi\u00adge Nach\u00adfra\u00adge st\u00f6\u00dft. Da die Inno\u00adva\u00adti\u00adons\u00adschrit\u00adte durch die Digi\u00adta\u00adli\u00adsie\u00adrung vor allem in den Anwen\u00addungs\u00adbran\u00adchen grei\u00adfen, ist Digi\u00adta\u00adli\u00adsie\u00adrung bei nahe\u00adzu allen Bran\u00adchen\u00adfach\u00admes\u00adsen das beherr\u00adschen\u00adde The\u00adma. Dies beein\u00adflusst die Mes\u00adse\u00adpo\u00adli\u00adtik der Unter\u00adneh\u00admen, die zu den klas\u00adsi\u00adschen Kern\u00adaus\u00adstel\u00adlern der <span class=\"caps\">CEBIT<\/span> geh\u00f6\u00adren. Sie nut\u00adzen immer h\u00e4u\u00adfi\u00adger die Bran\u00adchen\u00admes\u00adsen der Anwen\u00adder als Platt\u00adform f\u00fcr Gesch\u00e4ftsanbahnung.<\/p>\n<p><span class=\"dquo\">\u201c<\/span>Die deut\u00adsche Wirt\u00adschaft hat in den ver\u00adgan\u00adge\u00adnen Jah\u00adren immer wie\u00adder \u00fcber die the\u00adma\u00adti\u00adsche \u00dcber\u00adschnei\u00addung von <span class=\"caps\">HANNOVER<\/span> <span class=\"caps\">MESSE<\/span> und <span class=\"caps\">CEBIT<\/span> dis\u00adku\u00adtiert. Wir wer\u00adden daher die The\u00admen \u00fcber\u00adf\u00fch\u00adren, die inhalt\u00adlich zur kla\u00adren Aus\u00adrich\u00adtung der&nbsp;<a class=\"externalLink\" href=\"https:\/\/www.hannovermesse.de\/\" target=\"_self\"><span class=\"caps\">HANNOVER<\/span> <span class=\"caps\">MESSE<\/span><\/a>&nbsp;pas\u00adsen\u201d, sag\u00adte Dr. Jochen K\u00f6ck\u00adler, Vor\u00adstands\u00advor\u00adsit\u00adzen\u00adder der Deut\u00adschen Mes\u00adse <span class=\"caps\">AG<\/span>, am Mitt\u00adwoch in Han\u00adno\u00adver. In den n\u00e4chs\u00adten Wochen wer\u00adde zudem inten\u00adsiv mit dem Digi\u00adtal-Markt gepr\u00fcft, wel\u00adche The\u00admen Poten\u00adzi\u00adal f\u00fcr fokus\u00adsier\u00adte Fach\u00admes\u00adsen aufweisen.<\/p>\n<p>Das neue Kon\u00adzept der <span class=\"caps\">CEBIT<\/span>, das auf den Drei\u00adklang aus Mes\u00adse, Kon\u00adfe\u00adrenz und Fes\u00adti\u00adval setz\u00adte, konn\u00adte den Abw\u00e4rts\u00adtrends der Besu\u00adcher\u00adzah\u00adlen nicht stop\u00adpen. Da auch der Nega\u00adtiv\u00adtrend bei den Fl\u00e4\u00adchen\u00adbu\u00adchun\u00adgen \u00fcber alle The\u00admen\u00adseg\u00admen\u00adte hin\u00adweg nicht auf\u00adge\u00adhal\u00adten wer\u00adden konn\u00adte, wer\u00adde die <span class=\"caps\">CEBIT<\/span> k\u00fcnf\u00adtig nicht mehr ausgerichtet.<\/p>\n<p>Deut\u00adsche Mes\u00adse <span class=\"caps\">AG<\/span> Vor\u00adstand Oli\u00adver Fre\u00adse bat das Auf\u00adsichts\u00adrats\u00adpr\u00e4\u00adsi\u00addi\u00adum um Ent\u00adbin\u00addung von sei\u00adnen Auf\u00adga\u00adben zum 31. Dezem\u00adber 2018. Das Gre\u00admi\u00adum gab die\u00adsem Ersu\u00adchen statt. \u201cWir neh\u00admen die Ent\u00adschei\u00addung von Herrn Fre\u00adse mit Bedau\u00adern und Respekt zur Kennt\u00adnis. Es ist sehr bedau\u00ader\u00adlich, einen so erfah\u00adre\u00adnen Mes\u00adse\u00adma\u00adcher und Vor\u00adstand zu ver\u00adlie\u00adren. Fre\u00adse hat sich bei der Deut\u00adschen Mes\u00adse vie\u00adle Jah\u00adre f\u00fcr das Ver\u00adan\u00adstal\u00adtungs\u00adport\u00adfo\u00adlio ver\u00addient gemacht, zuletzt als f\u00fcr die <span class=\"caps\">CEBIT<\/span> ver\u00adant\u00adwort\u00adli\u00adcher Vor\u00adstand\u201d, sag\u00adte der Vor\u00adsit\u00adzen\u00adde des Auf\u00adsichts\u00adrats, Nie\u00adder\u00adsach\u00adsens Wirt\u00adschafts\u00admi\u00adnis\u00adter Bernd Alt\u00adhus\u00admann. \u201cGera\u00adde mit dem neu\u00aden Kon\u00adzept der <span class=\"caps\">CEBIT<\/span> hat Fre\u00adse Mut, Inno\u00adva\u00adti\u00adons\u00adkraft und Pio\u00adnier\u00adgeist bewie\u00adsen. Der wei\u00adte\u00adre Nach\u00adfra\u00adge\u00adr\u00fcck\u00adgang bei der neu\u00aden <span class=\"caps\">CEBIT<\/span> ist umso bedau\u00ader\u00adli\u00adcher, gleich\u00adzei\u00adtig zeigt er aber auch, dass die <span class=\"caps\">CEBIT-<\/span> Idee in der gesam\u00adten Wirt\u00adschaft ange\u00adkom\u00admen ist und auf\u00adge\u00adnom\u00admen wur\u00adde. Die in ihr repr\u00e4\u00adsen\u00adtier\u00adten The\u00admen wie Digi\u00adta\u00adli\u00adsie\u00adrung, K\u00fcnst\u00adli\u00adche Intel\u00adli\u00adgenz etc. wer\u00adden inzwi\u00adschen als Quer\u00adschnitts\u00adauf\u00adga\u00adbe wahr\u00adge\u00adnom\u00admen \u2013 was auch ein Erfolg der <span class=\"caps\">CEBIT<\/span>&nbsp;ist.\u201d<\/p>\n<p>Die Bedeu\u00adtung der <span class=\"caps\">CEBIT<\/span> im Ver\u00adan\u00adstal\u00adtungs\u00adport\u00adfo\u00adlio und im wirt\u00adschaft\u00adli\u00adchen Ergeb\u00adnis hat\u00adte sich bereits in den ver\u00adgan\u00adge\u00adnen Jah\u00adren rela\u00adti\u00adviert. \u201cWir haben durch vie\u00adle ande\u00adre star\u00adke Ver\u00adan\u00adstal\u00adtun\u00adgen und das strin\u00adgen\u00adte Wachs\u00adtum im Aus\u00adlands\u00adge\u00adsch\u00e4ft die Deut\u00adsche Mes\u00adse als Unter\u00adneh\u00admen sicher und soli\u00adde auf\u00adge\u00adstellt\u201d, sag\u00adte K\u00f6ck\u00adler. Die Mar\u00adke <span class=\"caps\">CEBIT<\/span> soll bei den Ver\u00adan\u00adstal\u00adtun\u00adgen im Aus\u00adland wei\u00adter genutzt werden.<\/p>\n<p>&nbsp;<\/p>\n","protected":false},"excerpt":{"rendered":"<p>Ange\u00adsichts r\u00fcck\u00adl\u00e4u\u00adfi\u00adger Fl\u00e4\u00adchen\u00adbu\u00adchun\u00adgen f\u00fcr die <span class=\"caps\">CEBIT<\/span> 2019 berei\u00adnigt die Deut\u00adsche Mes\u00adse ihr Ver\u00adan\u00adstal\u00adtungs\u00adport\u00adfo\u00adlio. Die indus\u00adtrie\u00adna\u00adhen Digi\u00adtal\u00adthe\u00admen der <span class=\"caps\">CEBIT<\/span> wer\u00adden in der <span class=\"caps\">HANNOVER<\/span> <span class=\"caps\">MESSE<\/span> wei\u00adter\u00adge\u00adf\u00fchrt, f\u00fcr die \u00fcbri\u00adgen The\u00admen\u00adfel\u00adder der <span class=\"caps\">CEBIT<\/span> sol\u00adlen inhalt\u00adlich spit\u00adze Fach\u00adver\u00adan\u00adstal\u00adtun\u00adgen ent\u00adwi\u00adckelt wer\u00adden, die sich gezielt an Ent\u00adschei\u00adder aus\u00adge\u00adw\u00e4hl\u00adter Bran\u00adchen rich\u00adten, teil\u00adte das Unter\u00adneh\u00admen am Mitt\u00adwoch in Han\u00adno\u00adver&nbsp;mit. <span class=\"caps\">CEBIT<\/span> Han\u00adno\u00adver wird abge\u00adsagt (\u2026) <a class=\"moretag\" href=\"https:\/\/www.planet3dnow.de\/cms\/42006-messe-sortiert-digitalthemen-neu\/\">Wei\u00adter\u00adle\u00adsen&nbsp;\u00bb<\/a><\/p>\n","protected":false},"author":593,"featured_media":0,"comment_status":"closed","ping_status":"closed","sticky":false,"template":"","format":"standard","meta":{"wp_typography_post_enhancements_disabled":false,"ngg_post_thumbnail":0,"footnotes":""},"categories":[22],"tags":[1630],"class_list":["post-42006","post","type-post","status-publish","format-standard","hentry","category-pressemitteilungen","tag-cebit","entry"],"share_on_mastodon":{"url":"","error":""},"_links":{"self":[{"href":"https:\/\/www.planet3dnow.de\/cms\/wp-json\/wp\/v2\/posts\/42006","targetHints":{"allow":["GET"]}}],"collection":[{"href":"https:\/\/www.planet3dnow.de\/cms\/wp-json\/wp\/v2\/posts"}],"about":[{"href":"https:\/\/www.planet3dnow.de\/cms\/wp-json\/wp\/v2\/types\/post"}],"author":[{"embeddable":true,"href":"https:\/\/www.planet3dnow.de\/cms\/wp-json\/wp\/v2\/users\/593"}],"replies":[{"embeddable":true,"href":"https:\/\/www.planet3dnow.de\/cms\/wp-json\/wp\/v2\/comments?post=42006"}],"version-history":[{"count":1,"href":"https:\/\/www.planet3dnow.de\/cms\/wp-json\/wp\/v2\/posts\/42006\/revisions"}],"predecessor-version":[{"id":42007,"href":"https:\/\/www.planet3dnow.de\/cms\/wp-json\/wp\/v2\/posts\/42006\/revisions\/42007"}],"wp:attachment":[{"href":"https:\/\/www.planet3dnow.de\/cms\/wp-json\/wp\/v2\/media?parent=42006"}],"wp:term":[{"taxonomy":"category","embeddable":true,"href":"https:\/\/www.planet3dnow.de\/cms\/wp-json\/wp\/v2\/categories?post=42006"},{"taxonomy":"post_tag","embeddable":true,"href":"https:\/\/www.planet3dnow.de\/cms\/wp-json\/wp\/v2\/tags?post=42006"}],"curies":[{"name":"wp","href":"https:\/\/api.w.org\/{rel}","templated":true}]}}