{"id":5006,"date":"2013-11-20T16:30:03","date_gmt":"2013-11-20T15:30:03","guid":{"rendered":"http:\/\/www.planet3dnow.de\/cms\/?p=5006"},"modified":"2014-04-01T11:51:01","modified_gmt":"2014-04-01T09:51:01","slug":"test-fractal-design-arc-mini-r2","status":"publish","type":"post","link":"https:\/\/www.planet3dnow.de\/cms\/5006-test-fractal-design-arc-mini-r2\/","title":{"rendered":"Test: Fractal Design Arc Mini&nbsp;<span class=\"caps\">R2<\/span>"},"content":{"rendered":"<p style=\"text-align: left;\" align=\"center\">Dass die Geh\u00e4u\u00adse des schwe\u00addi\u00adschen Her\u00adstel\u00adlers Frac\u00adtal Design \u00e4u\u00dferst beliebt, sind sieht man auch dar\u00adan, dass sie regel\u00adm\u00e4\u00ad\u00dfig in den Top10 des Geiz\u00adhals Preis\u00adver\u00adgleichs zu fin\u00adden sind. Allei\u00adne in der letz\u00adten Woche waren gleich drei Geh\u00e4u\u00adse des Her\u00adstel\u00adlers dort ver\u00adtre\u00adten. Ein Geheim\u00adnis d\u00fcrf\u00adte sein, dass die Schwe\u00adden mehr Wert auf Funk\u00adtio\u00adna\u00adli\u00adt\u00e4t statt auf aus\u00adge\u00adfal\u00adle\u00adnes Design set\u00adzen. So sind alle Model\u00adle ein\u00adheit\u00adlich schlicht, ohne lang\u00adwei\u00adlig zu wir\u00adken. Ein\u00adzig im Innen\u00adraum lockert wei\u00ad\u00dfes Inte\u00adri\u00adeur das Bild auf. F\u00fcr unse\u00adren heu\u00adti\u00adgen Test haben wir uns das Arc Mini <span class=\"caps\">R2<\/span> genau\u00ader ange\u00adse\u00adhen. Hier\u00adbei han\u00addelt es sich um einen Midi-Tower, qua\u00adsi die klei\u00adne\u00adre Ver\u00adsi\u00adon des <a href=\"http:\/\/www.planet3dnow.de\/cms\/229-fractal-design-arc-midi-r2\/\" target=\"_blank\">Arc Midi <span class=\"caps\">R2<\/span><\/a>, wel\u00adcher eben\u00adfalls schon bei uns im Test war. Der Mini <span class=\"caps\">R2<\/span> ist ein wenig klei\u00adner und bie\u00adtet ledig\u00adlich Platz f\u00fcr Main\u00adboards im \u00b5ATX- und Mini-iTX-For\u00admat, trotz\u00addem k\u00f6n\u00adnen sowohl in der Front als auch im Deckel Radia\u00adto\u00adren f\u00fcr eine Was\u00adser\u00adk\u00fch\u00adlung ein\u00adge\u00adbaut wer\u00adden. Wei\u00adter\u00adhin ist das klei\u00adne Geh\u00e4u\u00adse schon ab Werk mit 3 L\u00fcf\u00adtern best\u00fcckt, wel\u00adche in der Regel bei Frac\u00adtal Design zu den lei\u00adse\u00adren Model\u00adlen z\u00e4h\u00adlen. Was das Arc Mini <span class=\"caps\">R2<\/span> sonst noch zu bie\u00adten hat, wer\u00adden wir auf den fol\u00adgen\u00adden Sei\u00adten wie \u00fcblich genau\u00ader unter die Lupe nehmen.<\/p>\n<p align=\"center\">ngg_shortcode_0_placeholder<\/p>\n<p>Wir bedan\u00adken uns bei <a href=\"http:\/\/www.fractal-design.com\" target=\"_blank\">Frac\u00adtal Design<\/a> f\u00fcr das Test\u00admus\u00adter und w\u00fcn\u00adschen viel Spa\u00df beim&nbsp;Lesen.<img loading=\"lazy\" decoding=\"async\" alt src=\"http:\/\/vg08.met.vgwort.de\/na\/b63fa4378c7043c1856ea1ff21ce82c1\" width=\"1\" height=\"1\"><\/p>\n<!--nextpage-->\n<p>F\u00fcr das Test\u00adsys\u00adtem kommt eine AMD-Platt\u00adform mit fol\u00adgen\u00adden Kom\u00adpo\u00adnen\u00adten zum Einsatz:<\/p>\n<ul>\n<li><span class=\"caps\">CPU<\/span>: <span class=\"caps\">AMD<\/span> Phe\u00adnom <span class=\"caps\">X4<\/span> 9850 Black Edi\u00adti\u00adon mit 4 x 2,5 GHz und 125 W&nbsp;<span class=\"caps\">TDP<\/span><\/li>\n<li>CPU-K\u00fch\u00adler: Scy\u00adthe Rasetsu oder bei klei\u00adne\u00adren Geh\u00e4u\u00adsen der AMD-Boxed K\u00fchler<\/li>\n<li>Main\u00adboard: ASRock A780FullHD \u2014 <span class=\"caps\">AMD<\/span> <span class=\"caps\">780\u00adG<\/span>\/S\u00adB700-Chip\u00adsatz,&nbsp;\u00b5ATX<\/li>\n<li>Arbeits\u00adspei\u00adcher: 4 x 1024 <span class=\"caps\">MB<\/span> King\u00ads\u00adton (<span class=\"caps\">DDR2-800<\/span>)<\/li>\n<li>Gra\u00adfik\u00adkar\u00adte: Giga\u00adbyte Rade\u00adon <span class=\"caps\">HD<\/span> 6950 mit 2048 <span class=\"caps\">MB<\/span> Grafikspeicher<\/li>\n<li>Fest\u00adplat\u00adte: 2 x Max\u00adtor Dia\u00admond\u00adMax&nbsp;10<\/li>\n<li>Netz\u00adteil: Ener\u00admax Modu&nbsp;82+<\/li>\n<li>2 x <a href=\"http:\/\/www.cougar-world.de\/\" target=\"_blank\">Cou\u00adgar<\/a> Vor\u00adtex <span class=\"caps\">HDB<\/span> <span class=\"caps\">CF-V14H<\/span> L\u00fcf\u00adter (f\u00fcr Geh\u00e4u\u00adse ohne L\u00fcfter)<\/li>\n<li>2 x <a href=\"http:\/\/www.cougar-world.de\/\" target=\"_blank\">Cou\u00adgar<\/a> Vor\u00adtex <span class=\"caps\">CF-V12S<\/span> L\u00fcf\u00adter (f\u00fcr Geh\u00e4u\u00adse ohne L\u00fcfter)<\/li>\n<\/ul>\n<p>Der Test\u00adpar\u00adcours bedarf eini\u00adger Hilfs\u00admit\u00adtel und Programme:<\/p>\n<ul>\n<li>Fur\u00admark v1.80 \u2013 Sta\u00adbi\u00adli\u00adt\u00e4ts\u00adtest f\u00fcr die Grafikkarte<\/li>\n<li>Prime95 v25.11 \u2014 CPU-Testprogramm<\/li>\n<li><span class=\"caps\">AIDA64<\/span> Extre\u00adme Edi\u00adti\u00adon zur Aus\u00adwer\u00adtung s\u00e4mt\u00adli\u00adcher Temperatursensoren<\/li>\n<\/ul>\n<p>Mess\u00adge\u00adr\u00e4\u00adte: Volt\u00adcraft 329 Schall\u00addruck\u00admess\u00adge\u00adr\u00e4t. Zum Auf\u00adhei\u00adzen des Sys\u00adtems kom\u00admen Prime95 und Fur\u00adMark gleich\u00adzei\u00adtig zum Ein\u00adsatz. Hier\u00adbei wird eine Belas\u00adtung der <span class=\"caps\">CPU<\/span> und <span class=\"caps\">GPU<\/span> erzielt, wel\u00adche im nor\u00adma\u00adlen All\u00adtags\u00adbe\u00adtrieb kaum vor\u00adzu\u00adfin\u00adden ist. Ein Test\u00adlauf ist absol\u00adviert, wenn das Sys\u00adtem 30 Minu\u00adten der Belas\u00adtung stand\u00adh\u00e4lt. Vor\u00adzei\u00adti\u00adge Abbr\u00fc\u00adche wer\u00adden selbst\u00adver\u00adst\u00e4nd\u00adlich ver\u00admerkt und gehen mit den letz\u00adten Maxi\u00admal\u00adtem\u00adpe\u00adra\u00adtu\u00adren in die Gra\u00adfi\u00adken ein. Mes\u00adsun\u00adgen im Idle-Zustand haben wir gestri\u00adchen, da die\u00adse bei den Strom\u00adspar\u00adme\u00adcha\u00adnis\u00admen der Pro\u00adzes\u00adso\u00adren zuneh\u00admend unin\u00adter\u00ades\u00adsan\u00adter sind. Die Raum\u00adtem\u00adpe\u00adra\u00adtur betr\u00e4gt hier\u00adbei 20 \u00b0C. Die erziel\u00adten Tem\u00adpe\u00adra\u00adtu\u00adren der ein\u00adzel\u00adnen Sen\u00adso\u00adren lesen wir mit dem Pro\u00adgramm <span class=\"caps\">AIDA64<\/span> Extre\u00adme Edi\u00adti\u00adon aus. Hier\u00adf\u00fcr hat uns der Her\u00adstel\u00adler freund\u00adli\u00adcher\u00adwei\u00adse eini\u00adge Lizen\u00adzen zur Ver\u00adf\u00fc\u00adgung gestellt.<\/p>\n<p>Bei den Mes\u00adsun\u00adgen der Laut\u00adst\u00e4r\u00adke haben wir uns f\u00fcr zwei Durch\u00adl\u00e4u\u00adfe ent\u00adschie\u00adden: ein ers\u00adter unter vol\u00adler Last des gesam\u00adten Sys\u00adtems und ein wei\u00adte\u00adrer, wenn ledig\u00adlich die im Geh\u00e4u\u00adse ver\u00adbau\u00adten L\u00fcf\u00adter lau\u00adfen. Damit m\u00f6ch\u00adten wir eine bes\u00adse\u00adre Ver\u00adgleich\u00adbar\u00adkeit f\u00fcr den Leser gew\u00e4hr\u00adleis\u00adten. Die Laut\u00adst\u00e4r\u00adke mit ver\u00adbau\u00adter Hard\u00adware ist stets von den ein\u00adzel\u00adnen Kom\u00adpo\u00adnen\u00adten abh\u00e4n\u00adgig und wird somit immer unter\u00adschied\u00adlich aus\u00adfal\u00adlen; ohne instal\u00adlier\u00adte Hard\u00adware wird sie jedoch bei jedem ann\u00e4\u00adhernd gleich sein. Wir mes\u00adsen die Laut\u00adst\u00e4r\u00adke mit einem dB(A)-Messger\u00e4t von drei Sei\u00adten bei einem Abstand von 30&nbsp;cm.<\/p>\n<p align=\"center\"><img decoding=\"async\" alt src=\"http:\/\/www.planet3dnow.de\/photoplog\/file.php?n=13647&amp;w=o\" border=\"1\"> <img decoding=\"async\" alt src=\"http:\/\/www.planet3dnow.de\/photoplog\/file.php?n=13648&amp;w=o\" border=\"1\"> <img decoding=\"async\" alt src=\"http:\/\/www.planet3dnow.de\/photoplog\/file.php?n=13646&amp;w=o\" border=\"1\"> <img decoding=\"async\" alt src=\"http:\/\/www.planet3dnow.de\/photoplog\/file.php?n=13650&amp;w=o\" border=\"1\"><img decoding=\"async\" alt src=\"http:\/\/www.planet3dnow.de\/photoplog\/file.php?n=20849&amp;w=o\" border=\"1\"><\/p>\n<p><img loading=\"lazy\" decoding=\"async\" alt src=\"http:\/\/vg08.met.vgwort.de\/na\/b63fa4378c7043c1856ea1ff21ce82c1\" width=\"1\" height=\"1\"><\/p>\n<!--nextpage-->\n<p>Die Daten zum Frac\u00adtal Design Arc Mini <span class=\"caps\">R2<\/span> ent\u00adneh\u00admen wir wie immer der Web\u00adsei\u00adte des Herstellers:<\/p>\n<table>\n<tbody>\n<tr>\n<td bgcolor=\"#EEEEEE\">Modell\u00adna\u00adme<\/td>\n<td bgcolor=\"#F6F6F6\">Arc Mini&nbsp;<span class=\"caps\">R2<\/span><\/td>\n<\/tr>\n<tr>\n<td bgcolor=\"#D2D3D2\">Lauf\u00adwerk\u00adsch\u00e4ch\u00adte<\/td>\n<td bgcolor=\"#EEEEEE\">2x 5,25 Zoll (extern)<br>\n6x 3,5 Zoll \/ 2, 5 Zoll (intern)<br>\n2x 2,5 Zoll (intern)<\/td>\n<\/tr>\n<tr>\n<td bgcolor=\"#EEEEEE\">Abmes\u00adsun\u00adgen<\/td>\n<td bgcolor=\"#F6F6F6\">210 x 405 x 484 mm (Brei\u00adte, H\u00f6he,&nbsp;Tiefe)<\/td>\n<\/tr>\n<tr>\n<td bgcolor=\"#D2D3D2\">Mate\u00adri\u00adal<\/td>\n<td bgcolor=\"#EEEEEE\">ver\u00adzink\u00adtes Stahl\u00adblech, Kunststoff<\/td>\n<\/tr>\n<tr>\n<td bgcolor=\"#EEEEEE\">Form\u00adfak\u00adtor<\/td>\n<td bgcolor=\"#F6F6F6\">&nbsp;\u00b5ATX, Mini-iTX<\/td>\n<\/tr>\n<tr>\n<td bgcolor=\"#D2D3D2\">Front I\/O<\/td>\n<td bgcolor=\"#EEEEEE\">2x <span class=\"caps\">USB<\/span> 3.0, Audio und Mikrofon<\/td>\n<\/tr>\n<tr>\n<td bgcolor=\"#EEEEEE\">Maxi\u00adma\u00adle Grafikkartenl\u00e4nge<\/td>\n<td bgcolor=\"#F6F6F6\">260 mm mit obe\u00adrem HDD-K\u00e4fig<br>\n400 mm ohne obe\u00adren HDD-K\u00e4fig<\/td>\n<\/tr>\n<tr>\n<td bgcolor=\"#D2D3D2\">Maxi\u00adma\u00adle CPU-K\u00fchler-H\u00f6he<\/td>\n<td bgcolor=\"#EEEEEE\">165 mm<\/td>\n<\/tr>\n<tr>\n<td bgcolor=\"#EEEEEE\">L\u00fcf\u00adter<\/td>\n<td bgcolor=\"#F6F6F6\">Front: 2x 120 mm (1x 120 mm vormontiert)<br>\nR\u00fcck\u00adsei\u00adte: 1x 120 mm (vor\u00admon\u00adtiert)<br>\nDeckel: 2x 120-\/140 mm (optio\u00adnal) 1x 140 mm (vor\u00admon\u00adtiert)<br>\nBoden: 1x 120-mm-L\u00fcf\u00adter (optio\u00adnal)<\/td>\n<\/tr>\n<tr>\n<td bgcolor=\"#D2D3D2\">Erwei\u00adte\u00adrungs\u00adslots<\/td>\n<td bgcolor=\"#EEEEEE\">4+1<\/td>\n<\/tr>\n<tr>\n<td bgcolor=\"#EEEEEE\">Gewicht<\/td>\n<td bgcolor=\"#F6F6F6\">9 kg<\/td>\n<\/tr>\n<tr>\n<td bgcolor=\"#D2D3D2\">Ver\u00adkaufs\u00adpreis<\/td>\n<td bgcolor=\"#EEEEEE\">ab 64&nbsp; Euro ohne Fenster<br>\nab 70 Euro mit Fenster<\/td>\n<\/tr>\n<\/tbody>\n<\/table>\n<p>Der Lie\u00adfer\u00adum\u00adfang des Arc Mini <span class=\"caps\">R2<\/span> umfasst die auf dem Bild ersicht\u00adli\u00adchen Kleinteile:<\/p>\n<ul>\n<li>Mon\u00adta\u00adge\u00adma\u00adte\u00adri\u00adal<\/li>\n<li>Ein\u00adbau\u00adan\u00adlei\u00adtung<\/li>\n<li>Kabel\u00adbin\u00adder<\/li>\n<li>Ein\u00adschraub\u00adhil\u00adfe f\u00fcr Abstandshalter<\/li>\n<li>8 R\u00e4n\u00addel\u00adschrau\u00adben<\/li>\n<li>Spe\u00adzi\u00adal\u00adschrau\u00adben zu Befes\u00adti\u00adgung der Datentr\u00e4ger<\/li>\n<\/ul>\n<p align=\"center\">ngg_shortcode_1_placeholder<\/p>\n<p>Das Mon\u00adta\u00adge\u00adma\u00adte\u00adri\u00adal besteht wie \u00fcblich aus diver\u00adsen Schrau\u00adben. Zus\u00e4tz\u00adlich gibt es nat\u00fcr\u00adlich eine Ein\u00adbau\u00adan\u00adlei\u00adtung, Kabel\u00adbin\u00adder sowie eine Ein\u00adschraub\u00adhil\u00adfe f\u00fcr die Main\u00adboard\u00adab\u00adstands\u00adhal\u00adter. Ein klei\u00adnes n\u00fctz\u00adli\u00adches Extra, was immer mehr Her\u00adstel\u00adler dem Zube\u00adh\u00f6r bei\u00adle\u00adgen. Die Ein\u00adbau\u00adan\u00adlei\u00adtung besteht aus einem Heft im DIN-A5-For\u00admat mit Hoch\u00adglanz\u00adum\u00adschlag und ist mehrsprachig.<img loading=\"lazy\" decoding=\"async\" alt src=\"http:\/\/vg08.met.vgwort.de\/na\/b63fa4378c7043c1856ea1ff21ce82c1\" width=\"1\" height=\"1\"><\/p>\n<!--nextpage-->\n<p>Da das Arc Mini <span class=\"caps\">R2<\/span> qua\u00adsi eine klei\u00adne\u00adre Aus\u00adga\u00adbe des Arc Midi <span class=\"caps\">R2<\/span> ist, gibt es neben der Gr\u00f6\u00ad\u00dfe auch nur gerin\u00adge Unter\u00adschie\u00adde. Die Front\u00adblen\u00adde aus Kunst\u00adstoff wirkt wie geb\u00fcrs\u00adte\u00adtes Alu\u00admi\u00adni\u00adum. Im obe\u00adren Bereich fasst das Arc Mini <span class=\"caps\">R2<\/span> zwei 5,25-Zoll-Laufwerke. Der unte\u00adre Teil besteht aus einem Mesh\u00adgit\u00adter mit Frac\u00adtal-Design-Schrift\u00adzug. Dr\u00fcckt man auf die obe\u00adren bei\u00adden Ecken des Mesh\u00adgit\u00adters, klappt die\u00adses nach vor\u00adne und kann dann zum Rei\u00adni\u00adgen ent\u00adfernt wer\u00adden. Das Git\u00adter ist von innen mit Schaum\u00adstoff ver\u00adse\u00adhen, damit der 120-mm-Front\u00adl\u00fcf\u00adter dahin\u00adter kei\u00adnen Staub ins Geh\u00e4u\u00adse saugt. Bei dem L\u00fcf\u00adter han\u00addelt es sich, wie auch beim Heck\u00adl\u00fcf\u00adter, um einen Frac\u00adtal Design Silent <span class=\"caps\">R2<\/span>. Die\u00adser dreht laut Her\u00adstel\u00adler\u00adan\u00adga\u00adben mit 1200\/min und erzeugt hier\u00adbei einen Luft\u00addurch\u00adsatz von 69 m\u00b3\/h bei einer Laut\u00adst\u00e4r\u00adke von 15 dB(A). Der Ein\u00adzel\u00adpreis betr\u00e4gt 7,50 Euro. Die 5,25-Zoll-Einsch\u00fcbe sind frei zug\u00e4ng\u00adlich, ohne Metall\u00adblen\u00adden, wie sie immer noch von eini\u00adgen Her\u00adstel\u00adlern ver\u00adwen\u00addet wer\u00adden. Die\u00adse m\u00fcs\u00adsen dann immer noch her\u00adaus\u00adge\u00adbro\u00adchen wer\u00adden, wobei teil\u00adwei\u00adse spit\u00adze Ecken ver\u00adblei\u00adben, an denen man sich ver\u00adlet\u00adzen&nbsp;kann.<\/p>\n<p align=\"center\">&nbsp;ngg_shortcode_2_placeholder&nbsp;ngg_shortcode_3_placeholder&nbsp;ngg_shortcode_4_placeholder<\/p>\n<p>Das I\/O\u2011Panel sitzt auf der Geh\u00e4u\u00adse\u00adober\u00adsei\u00adte und bie\u00adtet neben zwei <span class=\"caps\">USB<\/span>\u20113.0\u2011Anschl\u00fcssen noch eine L\u00fcf\u00adter\u00adsteue\u00adrung, an der drei L\u00fcf\u00adter ange\u00adschlos\u00adsen wer\u00adden k\u00f6n\u00adnen. Die L\u00fcf\u00adter\u00adsteue\u00adrung ver\u00adf\u00fcgt \u00fcber die Ein\u00adstel\u00adlun\u00adgen 5 V, 7 V und 12 V. Wei\u00adter\u00adhin sind nat\u00fcr\u00adlich ein Ein-\/Aus\u00adschal\u00adter sowie Audio-IN\/Out-Buch\u00adsen vor\u00adhan\u00adden. Das I\/O\u2011Panel ist an der Ober\u00adsei\u00adte nat\u00fcr\u00adlich leicht zug\u00e4ng\u00adlich, aber auch unge\u00adsch\u00fctzt vor&nbsp;Staub.<\/p>\n<p align=\"center\">&nbsp;ngg_shortcode_5_placeholder<\/p>\n<p>Im lin\u00adken Sei\u00adten\u00adteil ist ein im Ver\u00adh\u00e4lt\u00adnis zur Geh\u00e4u\u00adse\u00adgr\u00f6\u00ad\u00dfe gro\u00df\u00adz\u00fc\u00adgig dimen\u00adsio\u00adnier\u00adtes, get\u00f6n\u00adtes Fens\u00adter ein\u00adge\u00adbaut. Wie auf den Bil\u00addern zu sehen ist, wur\u00adde es zum Schutz von innen und au\u00dfen mit einer Trans\u00adport\u00adschutz\u00adfo\u00adlie beklebt. Das rech\u00adte Sei\u00adten\u00adteil ist ohne wei\u00adte\u00adre Funk\u00adti\u00adon. Bei\u00adde Sei\u00adten\u00adtei\u00adle sind mit R\u00e4n\u00addel\u00adschrau\u00adben befes\u00adtigt und ver\u00adf\u00fc\u00adgen \u00fcber einen Griff am Ende, um sie leich\u00adter zu&nbsp;L\u00f6sen.<\/p>\n<p align=\"center\">&nbsp;ngg_shortcode_6_placeholder&nbsp;ngg_shortcode_7_placeholder<\/p>\n<p>Das Arc Mini <span class=\"caps\">R2<\/span> steht auf vier F\u00fc\u00dfen im Hifi-Design. Zur Ent\u00adkopp\u00adlung vom Boden sind Gum\u00admi\u00adpuf\u00adfer unter den F\u00fc\u00dfen ange\u00adbracht. Damit das Netz\u00adteil sowie ein optio\u00adnal zu mon\u00adtie\u00adren\u00adder L\u00fcf\u00adter kei\u00adnen Staub ein\u00adsau\u00adgen, ist ein nach hin\u00adten ent\u00adfern\u00adba\u00adrer Staub\u00adfil\u00adter auf der Unter\u00adsei\u00adte befestigt.<\/p>\n<p align=\"center\">ngg_shortcode_8_placeholder<\/p>\n<p><img loading=\"lazy\" decoding=\"async\" alt src=\"http:\/\/vg08.met.vgwort.de\/na\/b63fa4378c7043c1856ea1ff21ce82c1\" width=\"1\" height=\"1\"><\/p>\n<!--nextpage-->\n<p>Die Geh\u00e4u\u00adse\u00adober\u00adsei\u00adte besteht fast voll\u00adfl\u00e4\u00adchig aus einem Mesh\u00adgit\u00adter. L\u00f6st man zwei R\u00e4n\u00addel\u00adschrau\u00adben auf der R\u00fcck\u00adsei\u00adte, kann der Deckel ent\u00adfernt wer\u00adden. Von innen ist das Mesh\u00adgit\u00adter, wie schon das Gegen\u00adst\u00fcck in der Front, mit Schaum\u00adstoff best\u00fcckt. So gelangt an die\u00adser Stel\u00adle kein Staub ins Geh\u00e4u\u00adse. Vie\u00adle Her\u00adstel\u00adler ver\u00adzich\u00adten lei\u00adder immer noch auf Staub\u00adfil\u00adter im Deckel, von daher ist dies schon mal ein Plus\u00adpunkt f\u00fcr das Arc Mini <span class=\"caps\">R2<\/span>. Im Deckel ist ein 140-mm-L\u00fcf\u00adter vor\u00admon\u00adtiert, ein zwei\u00adter glei\u00adcher Gr\u00f6\u00ad\u00dfe kann zus\u00e4tz\u00adlich dort ein\u00adge\u00adbaut wer\u00adden. Alter\u00adna\u00adtiv kann man aber auch zwei 120-mm-L\u00fcf\u00adter ver\u00adwen\u00adden. Beim vor\u00admon\u00adtier\u00adten L\u00fcf\u00adter han\u00addelt es sich eben\u00adfalls um ein Modell der Silent <span class=\"caps\">R2<\/span> Serie. Das 140-mm-Modell erzeugt einen Luft\u00addurch\u00adsatz von 112m\u00b3\/h bei 1000\/min und einer Laut\u00adst\u00e4r\u00adke von 19 dB(A). Ein\u00adzeln ist der L\u00fcf\u00adter ab 11 Euro erh\u00e4ltlich.<\/p>\n<p align=\"center\">&nbsp;ngg_shortcode_9_placeholder&nbsp;ngg_shortcode_10_placeholder&nbsp;ngg_shortcode_11_placeholder<\/p>\n<p>Das Netz\u00adteil wird wie schon erw\u00e4hnt auf dem Geh\u00e4u\u00adse\u00adbo\u00adden mon\u00adtiert. Mitt\u00adler\u00adwei\u00adle kann man fast schon sagen: Ein klas\u00adsi\u00adscher Auf\u00adbau, auch wenn fr\u00fc\u00adher die Netz\u00adtei\u00adle fast immer unter dem Deckel ein\u00adge\u00adbaut wur\u00adden. Dar\u00adun\u00adter befin\u00addet sich der nach hin\u00adten her\u00adaus\u00adzieh\u00adba\u00adre Staub\u00adfil\u00adter. Da die F\u00fc\u00dfe \u00fcber eine aus\u00adrei\u00adchen\u00adde H\u00f6he ver\u00adf\u00fc\u00adgen, kann man den Staub\u00adfil\u00adter ent\u00adfer\u00adnen. ohne das Geh\u00e4u\u00adse erst anhe\u00adben zu m\u00fcs\u00adsen. Vier mit Ent\u00adl\u00fcf\u00adtungs\u00adschlit\u00adzen ver\u00adse\u00adhen\u00adde Slot\u00adblen\u00adden ste\u00adhen f\u00fcr Erwei\u00adte\u00adrungs\u00adkar\u00adten zur Ver\u00adf\u00fc\u00adgung, eine f\u00fcnf\u00adte senk\u00adrech\u00adte kann f\u00fcr eine Slot-L\u00fcf\u00adter\u00adsteue\u00adrung benutzt wer\u00adden. Die Blen\u00adden sind wie bei Frac\u00adtal Design \u00fcblich in wei\u00df. Der vor\u00admon\u00adtier\u00adte 120-mm-L\u00fcf\u00adter bef\u00f6r\u00addert die erw\u00e4rm\u00adte Luft wie\u00adder aus dem Geh\u00e4u\u00adse. Unter\u00adhalb des Deckels befin\u00adden sich noch zwei klei\u00adne gum\u00admier\u00adte Schlauch\u00addurch\u00adf\u00fch\u00adrun\u00adgen f\u00fcr eine exter\u00adne Wasserk\u00fchlung.<\/p>\n<p align=\"center\">ngg_shortcode_12_placeholder<\/p>\n<p><img loading=\"lazy\" decoding=\"async\" alt src=\"http:\/\/vg08.met.vgwort.de\/na\/b63fa4378c7043c1856ea1ff21ce82c1\" width=\"1\" height=\"1\"><\/p>\n<!--nextpage-->\n<p>Nach dem L\u00f6sen der Sei\u00adten\u00adtei\u00adle, wel\u00adche rela\u00adtiv ver\u00adwin\u00addungs\u00adsteif sind, pr\u00e4\u00adsen\u00adtiert sich der Innen\u00adraum. Die\u00adser ist bei Frac\u00adtal Design \u00fcbli\u00adcher\u00adwei\u00adse in schwarz lackiert und wird durch eini\u00adge wei\u00df lackier\u00adte Ein\u00adbau\u00adtei\u00adle optisch auf\u00adge\u00adlo\u00adckert. Der Main\u00adboard\u00adtray ver\u00adf\u00fcgt \u00fcber einen Aus\u00adschnitt zum Wech\u00adseln ver\u00adschraub\u00adba\u00adrer K\u00fch\u00adler, diver\u00adse Kabel\u00addurch\u00adf\u00fch\u00adrun\u00adgen f\u00fcr das Kabel\u00adma\u00adnage\u00adment sind vor\u00adbild\u00adlich mit einer Gum\u00admie\u00adrung ver\u00adse\u00adhen. Auf der R\u00fcck\u00adsei\u00adte befin\u00adden sich eini\u00adge \u00d6sen zum Befes\u00adti\u00adgen von Kabel\u00adbin\u00addern. Wei\u00adter\u00adhin k\u00f6n\u00adnen hier auf zwei spe\u00adzi\u00adel\u00adlen Hal\u00adte\u00adrun\u00adgen 2,5\u2011Zoll-Laufwerke am Main\u00adboard\u00adtray befes\u00adtigt werden.<\/p>\n<p align=\"center\">&nbsp;ngg_shortcode_13_placeholder&nbsp;ngg_shortcode_14_placeholder&nbsp;ngg_shortcode_15_placeholder ngg_shortcode_16_placeholder<\/p>\n<p>Die 5,25-Zoll-Laufwerke wer\u00adden alt\u00admo\u00addisch ver\u00adschraubt, wobei dies jedoch immer noch die sichers\u00adte Vari\u00adan\u00adte ist. Dar\u00adun\u00adter befin\u00adden sich zwei modu\u00adla\u00adre K\u00e4fi\u00adge f\u00fcr die Daten\u00adtr\u00e4\u00adger. Bei\u00adde K\u00e4fi\u00adge k\u00f6n\u00adnen ent\u00adwe\u00adder ganz ent\u00adfernt wer\u00adden, um Platz f\u00fcr einen Radia\u00adtor bis 240 mm L\u00e4n\u00adge zu schaf\u00adfen, oder aber um 90 \u00b0 Grad gedreht wer\u00adden. Dann befin\u00adden sich die Lauf\u00adwer\u00adke gut im Luft\u00adstrom des davor sit\u00adzen\u00adden L\u00fcf\u00adters. Als Beson\u00adder\u00adheit kann eben\u00adfalls der K\u00e4fig f\u00fcr die opti\u00adschen Lauf\u00adwer\u00adke ent\u00adfernt werden.<\/p>\n<p align=\"center\">ngg_shortcode_17_placeholder ngg_shortcode_18_placeholder<\/p>\n<p>Sowohl 3,5- als auch 2,5\u2011Zoll-Laufwerke k\u00f6n\u00adnen auf den wei\u00ad\u00dfen Schub\u00adf\u00e4\u00adchern ver\u00adschraubt wer\u00adden. Gum\u00admi\u00adpuf\u00adfer sor\u00adgen f\u00fcr eine Ent\u00adkopp\u00adlung der 3,5\u2011Zoll-Laufwerke, 2,5\u2011Zoll-Festplatten m\u00fcs\u00adsen ohne eine Ent\u00adkopp\u00adlung aus\u00adkom\u00admen. Bei Ver\u00adwen\u00addung von SSD-Lauf\u00adwer\u00adken wird die\u00adse aber auch nicht ben\u00f6\u00adtigt. Der 140-mm-L\u00fcf\u00adter in der Front ist neben der Frisch\u00adluft\u00adzu\u00adfuhr auch f\u00fcr die K\u00fch\u00adlung der Fest\u00adplat\u00adten zust\u00e4ndig.<\/p>\n<p align=\"center\">ngg_shortcode_19_placeholder<\/p>\n<p><img loading=\"lazy\" decoding=\"async\" alt src=\"http:\/\/vg08.met.vgwort.de\/na\/b63fa4378c7043c1856ea1ff21ce82c1\" width=\"1\" height=\"1\"><\/p>\n<!--nextpage-->\n<p>Das Netz\u00adteil liegt auf vier klei\u00adnen Gum\u00admi\u00adpuf\u00adfern auf, die es vom Geh\u00e4u\u00adse ent\u00adkop\u00adpeln sol\u00adlen. An der Geh\u00e4u\u00adse\u00adr\u00fcck\u00adsei\u00adte befin\u00addet sich ein Schaum\u00adstoff\u00adrah\u00admen, so dass auch hier f\u00fcr eine Ent\u00adkopp\u00adlung gesorgt ist. Die f\u00fcnf wei\u00ad\u00dfen Slot\u00adblen\u00adden sind mit R\u00e4n\u00addel\u00adschrau\u00adben befes\u00adtigt und las\u00adsen sich so leicht wiederverwenden.<\/p>\n<p align=\"center\">ngg_shortcode_20_placeholder<\/p>\n<p>Der 140-mm-L\u00fcf\u00adter auf der R\u00fcck\u00adsei\u00adte ist eben\u00adso wie die ande\u00adren zwei vor\u00admon\u00adtier\u00adten L\u00fcf\u00adter sau\u00adber mit einem schwar\u00adzen Slee\u00adve ver\u00adse\u00adhen. Alle L\u00fcf\u00adter k\u00f6n\u00adnen mit\u00adtels 3\u2011Pin-Anschluss direkt an der L\u00fcf\u00adter\u00adsteue\u00adrung oder am Main\u00adboard ange\u00adschlos\u00adsen wer\u00adden. Ein Mole\u00adx\u00adad\u00adap\u00adter zum Anschluss am Netz\u00adteil fehlt, macht aber in die\u00adsem Fall auch kei\u00adnen Sinn, da eine L\u00fcf\u00adter\u00adsteue\u00adrung vor\u00adhan\u00adden&nbsp;ist.<\/p>\n<p align=\"center\">ngg_shortcode_21_placeholder<\/p>\n<p>Unter dem Geh\u00e4u\u00adse\u00adde\u00adckel schlie\u00df\u00adlich noch der letz\u00adte der drei ab Werk vor\u00admon\u00adtier\u00adten L\u00fcf\u00adter. Wei\u00adter\u00adhin ist hier der Ein\u00adbau eines 240-mm- oder 360-mm-Radia\u00adtors m\u00f6g\u00adlich. Bei Ver\u00adwen\u00addung eines 360er Modells muss aller\u00addings der K\u00e4fig f\u00fcr die opti\u00adschen Lauf\u00adwer\u00adke ent\u00adfernt werden.<\/p>\n<p align=\"center\">ngg_shortcode_22_placeholder<\/p>\n<p><img loading=\"lazy\" decoding=\"async\" alt src=\"http:\/\/vg08.met.vgwort.de\/na\/b63fa4378c7043c1856ea1ff21ce82c1\" width=\"1\" height=\"1\"><\/p>\n<!--nextpage-->\n<p>Wie \u00fcblich, wenn die M\u00f6g\u00adlich\u00adkeit besteht, ent\u00adfer\u00adnen wir einen der bei\u00adden Fest\u00adplat\u00adten\u00adk\u00e4\u00adfi\u00adge, damit wir mehr Platz f\u00fcr den Ein\u00adbau haben. Sp\u00e4\u00adter wird der K\u00e4fig wie\u00adder ein\u00adge\u00adsetzt. Zuerst wer\u00adden die Main\u00adboard\u00adab\u00adstand\u00adhal\u00adter ver\u00adschraubt. Hier\u00adbei leis\u00adtet die Ein\u00adschraub\u00adhil\u00adfe gute Diens\u00adte. Der kom\u00adplet\u00adte Ein\u00adbau ist dadurch mit nur einem Kreuz\u00adschlitz\u00adschrau\u00adben\u00addre\u00adher m\u00f6g\u00adlich. Anschlie\u00ad\u00dfend wird das Main\u00adboard auf die Abstands\u00adhal\u00adter geschraubt. Die maxi\u00adma\u00adle CPU-K\u00fch\u00adler-H\u00f6he im Arc Mini <span class=\"caps\">R2<\/span> darf im \u00dcbri\u00adgen 165 mm betragen.<\/p>\n<p align=\"center\">ngg_shortcode_23_placeholder ngg_shortcode_24_placeholder ngg_shortcode_25_placeholder<\/p>\n<p>Im n\u00e4chs\u00adten Schritt folgt der Ein\u00adbau der Gra\u00adfik\u00adkar\u00adte. Dank der R\u00e4n\u00addel\u00adschrau\u00adben geht dies werk\u00adzeug\u00adlos. Die maxi\u00adma\u00adle Gra\u00adfik\u00adkar\u00adten\u00adl\u00e4n\u00adge im Arc Mini <span class=\"caps\">R2<\/span> betr\u00e4gt 400 mm, sofern man den obe\u00adren Fest\u00adplat\u00adten\u00adk\u00e4\u00adfig ent\u00adfernt. Bleibt die\u00adser im Geh\u00e4u\u00adse, darf die Gra\u00adfik\u00adkar\u00adte noch 260 mm lang&nbsp;sein.<\/p>\n<p align=\"center\">ngg_shortcode_26_placeholder<\/p>\n<p>Nach\u00adfol\u00adgend noch ein \u00dcber\u00adblick \u00fcber die L\u00e4n\u00adge eini\u00adger aktu\u00adel\u00adler Grafikkarten:<\/p>\n<p align=\"center\">ngg_shortcode_27_placeholder<\/p>\n<p>Die 3,5\u2011Zoll-Datentr\u00e4ger wer\u00adden eben\u00adso wie die 2,5\u2011Zoll-Laufwerke auf die Schub\u00adf\u00e4\u00adcher geschraubt und anschlie\u00ad\u00dfend wie\u00adder in den K\u00e4fig gescho\u00adben. Die 3,5\u2011Zoll-Laufwerke sind dank Spe\u00adzi\u00adal\u00adschrau\u00adben und einem Gum\u00admi\u00adpuf\u00adfer ent\u00adkop\u00adpelt. Bei den 2,5\u2011Zoll-Laufwerken fin\u00addet kei\u00adne Ent\u00adkopp\u00adlung statt. Da sich aber mitt\u00adler\u00adwei\u00adle SSDs durch\u00adge\u00adsetzt haben, kann man bei sol\u00adchen Lauf\u00adwer\u00adken dar\u00adauf auch verzichten.<\/p>\n<p align=\"center\">ngg_shortcode_28_placeholder<\/p>\n<p>Das opti\u00adsche Lauf\u00adwerk wird nach Ent\u00adfer\u00adnen der pas\u00adsen\u00adden Front\u00adblen\u00adde von vor\u00adne ins Geh\u00e4u\u00adse gescho\u00adben und kann dann werk\u00adzeug\u00adlos mit R\u00e4n\u00addel\u00adschrau\u00adben befes\u00adtigt wer\u00adden, von denen acht St\u00fcck zum Zube\u00adh\u00f6r geh\u00f6ren.<\/p>\n<p align=\"center\">ngg_shortcode_29_placeholder<\/p>\n<p>Bevor das Netz\u00adteil ein\u00adge\u00adbaut wird, soll\u00adte man jetzt schon ein\u00admal die SATA-Kabel sowie die Kabel vom I\/O\u2011Panel anschlie\u00ad\u00dfen. Sobald n\u00e4m\u00adlich das Netz\u00adteil erst ein\u00admal ver\u00adschraubt ist, hat man hier rela\u00adtiv wenig Platz. Nach\u00addem auch das Netz\u00adteil sei\u00adnen Platz auf dem Geh\u00e4u\u00adse\u00adbo\u00adden gefun\u00adden hat, geht es mit dem Rest der Ver\u00adka\u00adbe\u00adlung wei\u00adter. Zwi\u00adschen Main\u00adboard\u00adtr\u00e4\u00adger und rech\u00adtem Sei\u00adten\u00adteil ste\u00adhen ca. 20 mm an Platz zur Ver\u00adf\u00fc\u00adgung. Das ist auch f\u00fcr dicke\u00adre Kabel\u00adstr\u00e4n\u00adge aus\u00adrei\u00adchend. Auf\u00adpas\u00adsen muss man ledig\u00adlich im Bereich der Hal\u00adtun\u00adgen f\u00fcr die 2,5\u2011Zoll-Datentr\u00e4ger, hier m\u00fcs\u00adsen die Kabel dar\u00adum her\u00adum gelegt wer\u00adden, da hier nicht soviel Platz vor\u00adhan\u00adden&nbsp;ist.<\/p>\n<p>Fer\u00adtig zusam\u00admen\u00adge\u00adbaut sieht das Gan\u00adze wie folgt&nbsp;aus:<\/p>\n<p align=\"center\">ngg_shortcode_30_placeholder<\/p>\n<p><img loading=\"lazy\" decoding=\"async\" alt src=\"http:\/\/vg08.met.vgwort.de\/na\/b63fa4378c7043c1856ea1ff21ce82c1\" width=\"1\" height=\"1\"><\/p>\n<!--nextpage-->\n<p>In den nach\u00adfol\u00adgen\u00adden Tabel\u00adlen sind die jeweils h\u00f6chs\u00adten Wer\u00adte in Rot und die nied\u00adrigs\u00adten in Gr\u00fcn pro Mess\u00adpunkt dar\u00adge\u00adstellt, um den \u00dcber\u00adblick zu erleich\u00adtern. Im ers\u00adten Schritt unse\u00adrer Mes\u00adsun\u00adgen haben wir die Laut\u00adst\u00e4r\u00adke nur mit den instal\u00adlier\u00adten L\u00fcf\u00adtern, im Fall des Arc Mini <span class=\"caps\">R2<\/span> also mit drei L\u00fcf\u00adtern, ohne wei\u00adte\u00adre Hard\u00adware ange\u00adschaut. Der Hin\u00adter\u00adgrund\u00adpe\u00adgel im Raum war mit unse\u00adrem Mess\u00adge\u00adr\u00e4t nicht mehr mess\u00adbar. Nach dem Anlau\u00adfen der L\u00fcf\u00adter haben wir fol\u00adgen\u00adde Wer\u00adte gemessen:<\/p>\n<p style=\"text-align: center;\"><img loading=\"lazy\" decoding=\"async\" class=\"ngg-singlepic ngg-none aligncenter\" alt=\"idle\" src=\"http:\/\/www.planet3dnow.de\/cms\/wp-content\/gallery\/fractal-design-arc-mini-r2\/idle.png\" width=\"509\" height=\"2783\"><\/p>\n<p>Danach erfolg\u00adte der Belas\u00adtungs\u00adtest. Hier\u00adzu lie\u00adfen Prime95 und Fur\u00adMark f\u00fcr eine hal\u00adbe Stun\u00adde gleich\u00adzei\u00adtig. Vor\u00adab die Laut\u00adst\u00e4r\u00adke, die wir dabei gemes\u00adsen haben, danach die erziel\u00adten Temperaturen:<\/p>\n<p style=\"text-align: center;\"><img loading=\"lazy\" decoding=\"async\" class=\"ngg-singlepic ngg-none aligncenter\" alt=\"load_1\" src=\"http:\/\/www.planet3dnow.de\/cms\/wp-content\/gallery\/fractal-design-arc-mini-r2\/load_1.png\" width=\"509\" height=\"2743\"><\/p>\n<p style=\"text-align: center;\">&nbsp;<img loading=\"lazy\" decoding=\"async\" class=\"ngg-singlepic ngg-none aligncenter\" alt=\"load\" src=\"http:\/\/www.planet3dnow.de\/cms\/wp-content\/gallery\/fractal-design-arc-mini-r2\/load.png\" width=\"595\" height=\"2912\"><\/p>\n<p>Die Laut\u00adst\u00e4r\u00adke der drei ab Werk mon\u00adtier\u00adten L\u00fcf\u00adter war auf 5 V und 7 V nicht mess\u00adbar, erst ab 12 V ver\u00adzeich\u00adne\u00adte unser Mess\u00adge\u00adr\u00e4t eine Anzei\u00adge. Aller\u00addings mach\u00adten die L\u00fcf\u00adter sich durch ein leich\u00adtes Kla\u00adckern bemerk\u00adbar. Wer ein Sil\u00adent\u00adsys\u00adtem ein\u00adbaut und wom\u00f6g\u00adlich noch eine pas\u00adsi\u00adve Gra\u00adfik\u00adkar\u00adte ver\u00adwen\u00addet, der k\u00f6nn\u00adte sich hier\u00addurch gest\u00f6rt f\u00fch\u00adlen. Bei dem von uns ver\u00adwen\u00adde\u00adten Sys\u00adtem h\u00f6r\u00adte man das kla\u00adckern unter Last im lau\u00adfen\u00adden Betrieb aber nicht mehr her\u00adaus, da es vom L\u00fcf\u00adter der Gra\u00adfik\u00adkar\u00adte \u00fcber\u00adt\u00f6nt&nbsp;wurde.<\/p>\n<p>Die L\u00fcf\u00adter\u00adsteue\u00adrung mit den Stu\u00adfen 5 V, 7 V und 12 V leis\u00adtet gute Diens\u00adte und bei den Tem\u00adpe\u00adra\u00adtu\u00adren zeigt sich, dass die\u00adse Ein\u00adstel\u00adlun\u00adgen aus\u00adrei\u00adchend sind, um einen rela\u00adtiv gro\u00ad\u00dfen Tem\u00adpe\u00adra\u00adtur\u00adbe\u00adreich zuver\u00adl\u00e4s\u00adsig abdecken.<\/p>\n<p>Nach\u00adfol\u00adgend noch unser Dia\u00adgramm mit der Tem\u00adpe\u00adra\u00adtur\u00addif\u00adfe\u00adrenz, basie\u00adrend auf dem aktu\u00adel\u00adlen Test\u00adsys\u00adtem bei 20 \u00b0C Raumtemperatur:<\/p>\n<p style=\"text-align: center;\"><img loading=\"lazy\" decoding=\"async\" class=\"ngg-singlepic ngg-none aligncenter\" alt=\"delta_t_arc_mini_r2\" src=\"http:\/\/www.planet3dnow.de\/cms\/wp-content\/gallery\/fractal-design-arc-mini-r2\/delta_t_arc_mini_r2.png\" width=\"608\" height=\"2286\"><\/p>\n<p><img loading=\"lazy\" decoding=\"async\" alt src=\"http:\/\/vg08.met.vgwort.de\/na\/b63fa4378c7043c1856ea1ff21ce82c1\" width=\"1\" height=\"1\"><\/p>\n<!--nextpage-->\n<p style=\"text-align: center;\">ngg_shortcode_31_placeholder<\/p>\n<p>Mit dem Arc Mini <span class=\"caps\">R2<\/span> erh\u00e4lt der geneig\u00adte K\u00e4u\u00adfer eine gr\u00f6\u00ad\u00dfen\u00adm\u00e4\u00ad\u00dfig abge\u00adspeck\u00adte Ver\u00adsi\u00adon des Arc Midi <span class=\"caps\">R2<\/span>. Im Mini <span class=\"caps\">R2<\/span> k\u00f6n\u00adnen nur noch Main\u00adboards im \u00b5ATX- respek\u00adti\u00adve Mini-iTX-For\u00admat unter\u00adge\u00adbracht wer\u00adden. Wer auf Luft\u00adk\u00fch\u00adlung setzt, der kommt mit dem Arc Mini <span class=\"caps\">R2<\/span> ganz auf sei\u00adne Kos\u00adten. Die drei vor\u00admon\u00adtier\u00adten L\u00fcf\u00adter sind zumin\u00addest auf 5 V und 7 V durch\u00adaus Silent-taug\u00adlich, auch wenn sie durch ein leich\u00adtes Kla\u00adckern auf\u00adfal\u00adlen. Dies h\u00f6rt man aber sp\u00e4\u00adtes\u00adtens im lau\u00adfen\u00adden Betrieb nicht mehr, da es durch den Gra\u00adfik\u00adkar\u00adten\u00adl\u00fcf\u00adter in der Regel \u00fcber\u00adt\u00f6nt wird. Die L\u00fcf\u00adter\u00adsteue\u00adrung ver\u00adsorgt bis zu drei L\u00fcf\u00adter wahl\u00adwei\u00adse mit einer Span\u00adnung von 5 V, 7 V oder 12 V und bie\u00adtet damit gen\u00fc\u00adgend Spiel\u00adraum, was sich auch bei den Tem\u00adpe\u00adra\u00adtur\u00admes\u00adsun\u00adgen deut\u00adlich bemerk\u00adbar&nbsp;macht.<\/p>\n<p>Dank zwei\u00ader fle\u00adxi\u00adbler Fest\u00adplat\u00adten\u00adk\u00e4\u00adfi\u00adge fasst das Arc Mini <span class=\"caps\">R3<\/span> auch lan\u00adge Gra\u00adfik\u00adkar\u00adten bis zu 400 mm. Hier\u00adf\u00fcr muss ledig\u00adlich der obe\u00adre der bei\u00adden Fest\u00adplat\u00adten\u00adk\u00e4\u00adfi\u00adge ent\u00adfernt wer\u00adden. Damit ver\u00adliert man zwar drei Fest\u00adplat\u00adten\u00adein\u00adsch\u00fc\u00adbe, trotz\u00addem ver\u00adblei\u00adben immer noch drei wei\u00adte\u00adre im zwei\u00adten K\u00e4fig sowie zwei Ein\u00adbau\u00adpl\u00e4t\u00adze f\u00fcr 2,5\u2011Zoll-Laufwerke hin\u00adter dem Main\u00adboard\u00adtray. Spe\u00adzi\u00adell die M\u00f6g\u00adlich\u00adkeit, den Platz hin\u00adter dem Main\u00adboard\u00adtray f\u00fcr zwei Lauf\u00adwer\u00adke zu nut\u00adzen, gef\u00e4llt uns gut. In der Regel wer\u00adden die klei\u00adnen Lauf\u00adwer\u00adke ja immer noch f\u00fcr das Betriebs\u00adsys\u00adtem genutzt und m\u00fcs\u00adsen somit nicht zwangs\u00adl\u00e4u\u00adfig gut erreich\u00adbar sein. Somit hat man aus\u00adrei\u00adchend Platz f\u00fcr sechs wei\u00adte\u00adre \u201eDaten\u00adgr\u00e4\u00adber\u201c im 3,5\u2011Zoll-Format, die bei Bedarf \u00fcber das Schub\u00adla\u00adden\u00adsys\u00adtem leicht zug\u00e4ng\u00adlich&nbsp;sind.<\/p>\n<p>Bis auf die Erwei\u00adte\u00adrungs\u00adkar\u00adten ist zwar kei\u00adne werk\u00adzeug\u00adlo\u00adse Mon\u00adta\u00adge im Arc Mini <span class=\"caps\">R2<\/span> m\u00f6g\u00adlich und gera\u00adde bei Ver\u00adwen\u00addung meh\u00adre\u00adrer Fest\u00adplat\u00adten zieht sich der Ein\u00adbau ganz sch\u00f6n hin. Ange\u00adsich\u00adtes der guten Ent\u00adkopp\u00adlung der Lauf\u00adwer\u00adke neh\u00admen wir dies aber gern in Kauf. Posi\u00adtiv ist auch der Ein\u00adsatz von Staub\u00adfil\u00adtern an allen neur\u00adal\u00adgi\u00adschen Punk\u00adten, an den Staub ins Geh\u00e4u\u00adse gelan\u00adgen&nbsp;kann.<\/p>\n<p>Trotz der geschrumpf\u00adten Abmes\u00adsun\u00adgen ist es Frac\u00adtal Design aber gelun\u00adgen, das Geh\u00e4u\u00adse so zu gestal\u00adten, dass noch Radia\u00adto\u00adren ein\u00adge\u00adbaut wer\u00adden k\u00f6n\u00adnen. Um genau zu sein: ein 240-mm-Radia\u00adtor in der Front sowie ein 240-\/360-mm-Radia\u00adtor im Geh\u00e4u\u00adse\u00adde\u00adckel. Lei\u00adder muss man bei Ver\u00adwen\u00addung von Radia\u00adto\u00adren aber Abstri\u00adche machen. Bei Ein\u00adsatz eines Radia\u00adtors in der Front ist es not\u00adwen\u00addig, bei\u00adde Fest\u00adplat\u00adten\u00adk\u00e4\u00adfi\u00adge zu ent\u00adfer\u00adnen, und ist ein Radia\u00adtor im Deckel gr\u00f6\u00ad\u00dfer als 240 mm muss auch noch der K\u00e4fig f\u00fcr die zwei opti\u00adschen Lauf\u00adwer\u00adke ent\u00adnom\u00admen wer\u00adden. Dies ist ein Umstand, der zumin\u00addest uns ein wenig Kopf\u00adschmer\u00adzen bereitet.<\/p>\n<p>Das Arc Mini <span class=\"caps\">R2<\/span> ist ohne Fens\u00adter ab 64 Euro und mit Fens\u00adter im Sei\u00adten\u00adteil ab 70 Euro ver\u00adf\u00fcg\u00adbar. Wer nicht unbe\u00addingt plant, eine Was\u00adser\u00adk\u00fch\u00adlung zum mon\u00adtie\u00adren, der kann hier beden\u00adken\u00adlos zugrei\u00adfen. Wer aber mit dem Gedan\u00adken spielt, sp\u00e4\u00adter auf eine Was\u00adser\u00adk\u00fch\u00adlung auf\u00adzu\u00adr\u00fcs\u00adten, der soll\u00adte sich im Vor\u00adfeld genau infor\u00admie\u00adren, ob es zu Inkom\u00adpa\u00adti\u00adbi\u00adli\u00adt\u00e4\u00adten bei einem Radia\u00adtor im Deckel mit Anbau\u00adtei\u00adlen des Main\u00adboard kom\u00admen kann oder ob man gege\u00adbe\u00adnen\u00adfalls mit nur zwei 2,5\u2011Zoll-Laufwerken aus\u00adkommt, wenn man einen Radia\u00adtor in der Front ein\u00adbau\u00aden&nbsp;will.<img loading=\"lazy\" decoding=\"async\" alt src=\"http:\/\/vg08.met.vgwort.de\/na\/b63fa4378c7043c1856ea1ff21ce82c1\" width=\"1\" height=\"1\"><\/p>\n<p>&nbsp;<\/p>\n","protected":false},"excerpt":{"rendered":"<p>Das die Geh\u00e4u\u00adse des schwe\u00addi\u00adschen Her\u00adstel\u00adlers Frac\u00adtal Design \u00e4u\u00dferst beliebt sind sieht man dar\u00adan, dass sie regel\u00adm\u00e4\u00ad\u00dfig in den Top 10 des Geiz\u00adhals Preis\u00adver\u00adgleichs zu fin\u00adden sind. Allei\u00adne in der letz\u00adten Woche waren gleich drei Geh\u00e4u\u00adse des Her\u00adstel\u00adlers dort ver\u00adtre\u00adten. Ein Geheim\u00adnis d\u00fcrf\u00adte sein, das die Schwe\u00adden mehr Wert auf Funk\u00adtio\u00adna\u00adli\u00adt\u00e4t statt auf aus\u00adge\u00adfal\u00adle\u00adnes Design set\u00adzen. So sind alle Model\u00adle ein\u00adheit\u00adlich schlicht ohne lang\u00adwei\u00adlig zu wir\u00adken. Ein\u00adzig im Innen\u00adraum lockert wei\u00ad\u00dfes Inte\u00adri\u00adeur das Bild auf. F\u00fcr unse\u00adren heu\u00adti\u00adgen Test haben wir uns das Arc Mini <span class=\"caps\">R2<\/span> genau\u00ader ange\u00adse\u00adhen. Hier\u00adbei han\u00addelt es sich um einen Midi-Tower, qua\u00adsi die klei\u00adne\u00adre Ver\u00adsi\u00adon des Arc Midi <span class=\"caps\">R2<\/span>, wel\u00adcher eben\u00adfalls schon bei uns im Test war. (\u2026) <a class=\"moretag\" href=\"https:\/\/www.planet3dnow.de\/cms\/5006-test-fractal-design-arc-mini-r2\/\">Wei\u00adter\u00adle\u00adsen&nbsp;\u00bb<\/a><\/p>\n","protected":false},"author":14,"featured_media":5385,"comment_status":"closed","ping_status":"closed","sticky":false,"template":"","format":"standard","meta":{"wp_typography_post_enhancements_disabled":false,"ngg_post_thumbnail":0,"footnotes":""},"categories":[12,2,3],"tags":[397,76,973,1019,1035],"class_list":["post-5006","post","type-post","status-publish","format-standard","has-post-thumbnail","hentry","category-aktuelles","category-artikel","category-gehause-kuhlung-netzteile","tag-arc-mini-r2","tag-fractal-design","tag-gehause","tag-review","tag-test","entry"],"share_on_mastodon":{"url":"","error":""},"_links":{"self":[{"href":"https:\/\/www.planet3dnow.de\/cms\/wp-json\/wp\/v2\/posts\/5006","targetHints":{"allow":["GET"]}}],"collection":[{"href":"https:\/\/www.planet3dnow.de\/cms\/wp-json\/wp\/v2\/posts"}],"about":[{"href":"https:\/\/www.planet3dnow.de\/cms\/wp-json\/wp\/v2\/types\/post"}],"author":[{"embeddable":true,"href":"https:\/\/www.planet3dnow.de\/cms\/wp-json\/wp\/v2\/users\/14"}],"replies":[{"embeddable":true,"href":"https:\/\/www.planet3dnow.de\/cms\/wp-json\/wp\/v2\/comments?post=5006"}],"version-history":[{"count":36,"href":"https:\/\/www.planet3dnow.de\/cms\/wp-json\/wp\/v2\/posts\/5006\/revisions"}],"predecessor-version":[{"id":6859,"href":"https:\/\/www.planet3dnow.de\/cms\/wp-json\/wp\/v2\/posts\/5006\/revisions\/6859"}],"wp:featuredmedia":[{"embeddable":true,"href":"https:\/\/www.planet3dnow.de\/cms\/wp-json\/wp\/v2\/media\/5385"}],"wp:attachment":[{"href":"https:\/\/www.planet3dnow.de\/cms\/wp-json\/wp\/v2\/media?parent=5006"}],"wp:term":[{"taxonomy":"category","embeddable":true,"href":"https:\/\/www.planet3dnow.de\/cms\/wp-json\/wp\/v2\/categories?post=5006"},{"taxonomy":"post_tag","embeddable":true,"href":"https:\/\/www.planet3dnow.de\/cms\/wp-json\/wp\/v2\/tags?post=5006"}],"curies":[{"name":"wp","href":"https:\/\/api.w.org\/{rel}","templated":true}]}}